{"id":8711,"date":"2025-02-17T14:41:06","date_gmt":"2025-02-17T13:41:06","guid":{"rendered":"https:\/\/www.bioga.org\/zendal-se-incorpora-a-la-cupula-de-bioga\/"},"modified":"2026-04-20T16:19:40","modified_gmt":"2026-04-20T14:19:40","slug":"zendal-joins-the-bioga-leadership","status":"publish","type":"post","link":"https:\/\/www.bioga.org\/en\/zendal-joins-the-bioga-leadership\/","title":{"rendered":"Zendal joins the Bioga leadership"},"content":{"rendered":"<h6 style=\"text-align: justify;\">Andr\u00e9s Fern\u00e1ndez \u00c1lvarez-Santullano, CEO of Zendal, joins the board of the Business Technology Cluster of Life Sciences with the aim of \u201cstrengthening Galicia\u2019s leadership in areas such as biotechnology and health\u201d<\/h6>\n<h6 style=\"text-align: justify;\">In 2024, Bioga increased its number of members by 19%, totaling 132 entities, whose annual turnover exceeds 2.8 billion euros and create 6,000 jobs, mostly highly qualified.<\/h6>\n<p style=\"text-align: justify;\"><strong>Santiago. 17\/02\/2025.<\/strong> Andr\u00e9s Fern\u00e1ndez \u00c1lvarez-Santullano, CEO of the Zendal Group, joined the Board of Directors of the Bioga Business Technology Cluster at the beginning of the year. He will serve from 2025 to 2026, with the aim of \u201cstrengthening Galicia\u2019s leadership in areas such as biotechnology and health.\u201d Zendal is a Galician-owned biopharmaceutical company specializing in the research, development, manufacturing, and marketing of vaccines and other high-value-added pharmaceutical products for human and animal health.<\/p>\n<p style=\"text-align: justify;\">The new Board of Directors, elected at Bioga\u2019s 24th Annual General Meeting, is led by its president, Jos\u00e9 Manuel LVilari\u00f1o, Head of R&D at Hijos de Rivera. Carme Pamp\u00edn, CEO of GalChimia, holds the vice-presidency. In addition to Andr\u00e9s Fern\u00e1ndez \u00c1lvarez-Santullano, the Bioga management team also includes Pablo \u00c1lvarez Freire of Mestrelab; M\u00f3nica Valladares of Lonza Biologics Porri\u00f1o; and Mar\u00eda Seoane of BFlow.<\/p>\n<p style=\"text-align: justify;\">The Galician Life Sciences Business Technology Cluster (Bioga) currently has 132 member entities. In 2024, it added 21 new companies and institutions as members, representing an increase of almost 19% compared to the previous year. The annual revenue of Bioga\u2019s member companies in 2023 exceeded \u20ac2.8 billion. Their activity accounts for 2.1% of Galicia\u2019s GDP and generates 6,000 jobs, mostly highly skilled. The institutions and firms associated with Bioga invested approximately \u20ac130 million in R&D in 2023.<\/p>\n<p style=\"text-align: justify;\">Andr\u00e9s Fern\u00e1ndez \u00c1lvarez-Santullano, after joining the Bioga Board of Directors, emphasized that Zendal and the Galician Life Sciences Business Technology Cluster \u201cshare the goal of building a leading, innovative, and sustainable biotechnology sector that drives the economic and social development of Galicia.\u201d In his opinion, being part of the Bioga management team \u201cwill allow us to promote initiatives that strengthen Galicia\u2019s leadership in strategic areas such as biotechnology and health.\u201d Andr\u00e9s Fern\u00e1ndez also spoke about the strategy to be followed: \u201cWe will focus on the value of knowledge transfer and on fostering competitiveness through collaboration and innovation.\u201d \u201cI will work to ensure that the Bioga ecosystem becomes an even stronger benchmark in the biotechnology field, both within and beyond Galicia.\u201d<\/p>\n<p style=\"text-align: justify;\">For his part, Jos\u00e9 Manuel L\u00f3pez Vilari\u00f1o, president of Bioga, valued Zendal\u2019s presence on the board of the organization he leads. \u201cHaving the CEO of a world-renowned biotechnology company on our Board of Directors represents a vote of confidence in Bioga\u2019s project.\u201d \u201cWe know that his contributions will enrich and strengthen our biotech ecosystem,\u201d which has set itself the goal of \u201ccommitting to internationalization\u201d by 2025.<\/p>\n<h6 style=\"text-align: justify;\">+ info: www.bioga.org \/ Bioga PRess Office: 679.486.961<\/h6>\n<h6 style=\"text-align: justify;\">Photo caption, from left to right: M\u00f3nica Valladares, Jos\u00e9 Manuel L\u00f3pez Vilari\u00f1o, Carme Pamp\u00edn, Andr\u00e9s Fern\u00e1ndez \u00c1lvarez-Santullano, Mar\u00eda Seoane and Pablo \u00c1lvarez Freire.<\/h6>\n","protected":false},"excerpt":{"rendered":"<p>Andr\u00e9s Fern\u00e1ndez \u00c1lvarez-Santullano, CEO of Zendal, joins the board of the Business Technology Cluster of Life Sciences with the aim of&#8230;<\/p>\n","protected":false},"author":2,"featured_media":7038,"comment_status":"closed","ping_status":"closed","sticky":false,"template":"","format":"standard","meta":{"footnotes":"","_links_to":"","_links_to_target":""},"categories":[53],"tags":[],"class_list":["post-8711","post","type-post","status-publish","format-standard","has-post-thumbnail","hentry","category-sin-categorizar-en"],"yoast_head":"<!-- This site is optimized with the Yoast SEO plugin v27.5 - https:\/\/yoast.com\/product\/yoast-seo-wordpress\/ -->\n<title>Zendal joins the Bioga leadership | Bioga<\/title>\n<meta name=\"description\" content=\"Bioga es el Cluster Tecnol\u00f3xico Empresarial das Ciencias da Vida de Galicia. La voz de la industria Biotech Gallega.\" \/>\n<meta name=\"robots\" content=\"index, follow, max-snippet:-1, max-image-preview:large, max-video-preview:-1\" \/>\n<link rel=\"canonical\" href=\"https:\/\/www.bioga.org\/en\/zendal-joins-the-bioga-leadership\/\" \/>\n<meta property=\"og:locale\" content=\"en_US\" \/>\n<meta property=\"og:type\" content=\"article\" \/>\n<meta property=\"og:title\" content=\"Zendal joins the Bioga leadership | Bioga\" \/>\n<meta property=\"og:description\" content=\"Bioga es el Cluster Tecnol\u00f3xico Empresarial das Ciencias da Vida de Galicia. La voz de la industria Biotech Gallega.\" \/>\n<meta property=\"og:url\" content=\"https:\/\/www.bioga.org\/en\/zendal-joins-the-bioga-leadership\/\" \/>\n<meta property=\"og:site_name\" content=\"Bioga\" \/>\n<meta property=\"article:publisher\" content=\"https:\/\/www.facebook.com\/BiogaGalicia\/\" \/>\n<meta property=\"article:published_time\" content=\"2025-02-17T13:41:06+00:00\" \/>\n<meta property=\"article:modified_time\" content=\"2026-04-20T14:19:40+00:00\" \/>\n<meta property=\"og:image\" content=\"https:\/\/www.bioga.org\/wp-content\/uploads\/2025\/02\/42A5102.jpg\" \/>\n\t<meta property=\"og:image:width\" content=\"1920\" \/>\n\t<meta property=\"og:image:height\" content=\"1281\" \/>\n\t<meta property=\"og:image:type\" content=\"image\/jpeg\" \/>\n<meta name=\"author\" content=\"Pablo\" \/>\n<meta name=\"twitter:card\" content=\"summary_large_image\" \/>\n<meta name=\"twitter:creator\" content=\"@BiogaGalicia\" \/>\n<meta name=\"twitter:site\" content=\"@BiogaGalicia\" \/>\n<meta name=\"twitter:label1\" content=\"Written by\" \/>\n\t<meta name=\"twitter:data1\" content=\"Pablo\" \/>\n\t<meta name=\"twitter:label2\" content=\"Est. reading time\" \/>\n\t<meta name=\"twitter:data2\" content=\"3 minutes\" \/>\n<script type=\"application\/ld+json\" class=\"yoast-schema-graph\">{\"@context\":\"https:\\\/\\\/schema.org\",\"@graph\":[{\"@type\":\"Article\",\"@id\":\"https:\\\/\\\/www.bioga.org\\\/en\\\/zendal-joins-the-bioga-leadership\\\/#article\",\"isPartOf\":{\"@id\":\"https:\\\/\\\/www.bioga.org\\\/en\\\/zendal-joins-the-bioga-leadership\\\/\"},\"author\":{\"name\":\"Pablo\",\"@id\":\"https:\\\/\\\/www.bioga.org\\\/#\\\/schema\\\/person\\\/329607fc4a5332a03f861ca5291c1590\"},\"headline\":\"Zendal joins the Bioga leadership\",\"datePublished\":\"2025-02-17T13:41:06+00:00\",\"dateModified\":\"2026-04-20T14:19:40+00:00\",\"mainEntityOfPage\":{\"@id\":\"https:\\\/\\\/www.bioga.org\\\/en\\\/zendal-joins-the-bioga-leadership\\\/\"},\"wordCount\":505,\"publisher\":{\"@id\":\"https:\\\/\\\/www.bioga.org\\\/#organization\"},\"image\":{\"@id\":\"https:\\\/\\\/www.bioga.org\\\/en\\\/zendal-joins-the-bioga-leadership\\\/#primaryimage\"},\"thumbnailUrl\":\"https:\\\/\\\/www.bioga.org\\\/wp-content\\\/uploads\\\/2025\\\/02\\\/42A5102.jpg\",\"articleSection\":[\"Sin categorizar\"],\"inLanguage\":\"en-US\"},{\"@type\":\"WebPage\",\"@id\":\"https:\\\/\\\/www.bioga.org\\\/en\\\/zendal-joins-the-bioga-leadership\\\/\",\"url\":\"https:\\\/\\\/www.bioga.org\\\/en\\\/zendal-joins-the-bioga-leadership\\\/\",\"name\":\"Zendal joins the Bioga leadership | Bioga\",\"isPartOf\":{\"@id\":\"https:\\\/\\\/www.bioga.org\\\/#website\"},\"primaryImageOfPage\":{\"@id\":\"https:\\\/\\\/www.bioga.org\\\/en\\\/zendal-joins-the-bioga-leadership\\\/#primaryimage\"},\"image\":{\"@id\":\"https:\\\/\\\/www.bioga.org\\\/en\\\/zendal-joins-the-bioga-leadership\\\/#primaryimage\"},\"thumbnailUrl\":\"https:\\\/\\\/www.bioga.org\\\/wp-content\\\/uploads\\\/2025\\\/02\\\/42A5102.jpg\",\"datePublished\":\"2025-02-17T13:41:06+00:00\",\"dateModified\":\"2026-04-20T14:19:40+00:00\",\"description\":\"Bioga es el Cluster Tecnol\u00f3xico Empresarial das Ciencias da Vida de Galicia. La voz de la industria Biotech Gallega.\",\"breadcrumb\":{\"@id\":\"https:\\\/\\\/www.bioga.org\\\/en\\\/zendal-joins-the-bioga-leadership\\\/#breadcrumb\"},\"inLanguage\":\"en-US\",\"potentialAction\":[{\"@type\":\"ReadAction\",\"target\":[\"https:\\\/\\\/www.bioga.org\\\/en\\\/zendal-joins-the-bioga-leadership\\\/\"]}]},{\"@type\":\"ImageObject\",\"inLanguage\":\"en-US\",\"@id\":\"https:\\\/\\\/www.bioga.org\\\/en\\\/zendal-joins-the-bioga-leadership\\\/#primaryimage\",\"url\":\"https:\\\/\\\/www.bioga.org\\\/wp-content\\\/uploads\\\/2025\\\/02\\\/42A5102.jpg\",\"contentUrl\":\"https:\\\/\\\/www.bioga.org\\\/wp-content\\\/uploads\\\/2025\\\/02\\\/42A5102.jpg\",\"width\":1920,\"height\":1281},{\"@type\":\"BreadcrumbList\",\"@id\":\"https:\\\/\\\/www.bioga.org\\\/en\\\/zendal-joins-the-bioga-leadership\\\/#breadcrumb\",\"itemListElement\":[{\"@type\":\"ListItem\",\"position\":1,\"name\":\"Home\",\"item\":\"https:\\\/\\\/www.bioga.org\\\/en\\\/\"},{\"@type\":\"ListItem\",\"position\":2,\"name\":\"Zendal joins the Bioga leadership\"}]},{\"@type\":\"WebSite\",\"@id\":\"https:\\\/\\\/www.bioga.org\\\/#website\",\"url\":\"https:\\\/\\\/www.bioga.org\\\/\",\"name\":\"Bioga\",\"description\":\"Cl\u00faster Tecnol\u00f3xico Empresarial das Ciencias da Vida\",\"publisher\":{\"@id\":\"https:\\\/\\\/www.bioga.org\\\/#organization\"},\"potentialAction\":[{\"@type\":\"SearchAction\",\"target\":{\"@type\":\"EntryPoint\",\"urlTemplate\":\"https:\\\/\\\/www.bioga.org\\\/?s={search_term_string}\"},\"query-input\":{\"@type\":\"PropertyValueSpecification\",\"valueRequired\":true,\"valueName\":\"search_term_string\"}}],\"inLanguage\":\"en-US\"},{\"@type\":\"Organization\",\"@id\":\"https:\\\/\\\/www.bioga.org\\\/#organization\",\"name\":\"Bioga\",\"url\":\"https:\\\/\\\/www.bioga.org\\\/\",\"logo\":{\"@type\":\"ImageObject\",\"inLanguage\":\"en-US\",\"@id\":\"https:\\\/\\\/www.bioga.org\\\/#\\\/schema\\\/logo\\\/image\\\/\",\"url\":\"https:\\\/\\\/www.bioga.org\\\/wp-content\\\/uploads\\\/2022\\\/06\\\/bioga-logo-color-lg.svg\",\"contentUrl\":\"https:\\\/\\\/www.bioga.org\\\/wp-content\\\/uploads\\\/2022\\\/06\\\/bioga-logo-color-lg.svg\",\"width\":121,\"height\":41,\"caption\":\"Bioga\"},\"image\":{\"@id\":\"https:\\\/\\\/www.bioga.org\\\/#\\\/schema\\\/logo\\\/image\\\/\"},\"sameAs\":[\"https:\\\/\\\/www.facebook.com\\\/BiogaGalicia\\\/\",\"https:\\\/\\\/x.com\\\/BiogaGalicia\",\"https:\\\/\\\/www.linkedin.com\\\/company\\\/\",\"https:\\\/\\\/www.instagram.com\\\/biogagalicia\\\/\"]},{\"@type\":\"Person\",\"@id\":\"https:\\\/\\\/www.bioga.org\\\/#\\\/schema\\\/person\\\/329607fc4a5332a03f861ca5291c1590\",\"name\":\"Pablo\",\"image\":{\"@type\":\"ImageObject\",\"inLanguage\":\"en-US\",\"@id\":\"https:\\\/\\\/secure.gravatar.com\\\/avatar\\\/6eaa8ed352536531f3d41b0c8940e7337b6d2e0e2d4da947d5699b284309bb0d?s=96&d=mm&r=g\",\"url\":\"https:\\\/\\\/secure.gravatar.com\\\/avatar\\\/6eaa8ed352536531f3d41b0c8940e7337b6d2e0e2d4da947d5699b284309bb0d?s=96&d=mm&r=g\",\"contentUrl\":\"https:\\\/\\\/secure.gravatar.com\\\/avatar\\\/6eaa8ed352536531f3d41b0c8940e7337b6d2e0e2d4da947d5699b284309bb0d?s=96&d=mm&r=g\",\"caption\":\"Pablo\"},\"url\":\"https:\\\/\\\/www.bioga.org\\\/en\\\/author\\\/pablobioga-org\\\/\"}]}<\/script>\n<!-- \/ Yoast SEO plugin. -->","yoast_head_json":{"title":"Zendal joins the Bioga leadership | Bioga","description":"Bioga es el Cluster Tecnol\u00f3xico Empresarial das Ciencias da Vida de Galicia. La voz de la industria Biotech Gallega.","robots":{"index":"index","follow":"follow","max-snippet":"max-snippet:-1","max-image-preview":"max-image-preview:large","max-video-preview":"max-video-preview:-1"},"canonical":"https:\/\/www.bioga.org\/en\/zendal-joins-the-bioga-leadership\/","og_locale":"en_US","og_type":"article","og_title":"Zendal joins the Bioga leadership | Bioga","og_description":"Bioga es el Cluster Tecnol\u00f3xico Empresarial das Ciencias da Vida de Galicia. La voz de la industria Biotech Gallega.","og_url":"https:\/\/www.bioga.org\/en\/zendal-joins-the-bioga-leadership\/","og_site_name":"Bioga","article_publisher":"https:\/\/www.facebook.com\/BiogaGalicia\/","article_published_time":"2025-02-17T13:41:06+00:00","article_modified_time":"2026-04-20T14:19:40+00:00","og_image":[{"width":1920,"height":1281,"url":"https:\/\/www.bioga.org\/wp-content\/uploads\/2025\/02\/42A5102.jpg","type":"image\/jpeg"}],"author":"Pablo","twitter_card":"summary_large_image","twitter_creator":"@BiogaGalicia","twitter_site":"@BiogaGalicia","twitter_misc":{"Written by":"Pablo","Est. reading time":"3 minutes"},"schema":{"@context":"https:\/\/schema.org","@graph":[{"@type":"Article","@id":"https:\/\/www.bioga.org\/en\/zendal-joins-the-bioga-leadership\/#article","isPartOf":{"@id":"https:\/\/www.bioga.org\/en\/zendal-joins-the-bioga-leadership\/"},"author":{"name":"Pablo","@id":"https:\/\/www.bioga.org\/#\/schema\/person\/329607fc4a5332a03f861ca5291c1590"},"headline":"Zendal joins the Bioga leadership","datePublished":"2025-02-17T13:41:06+00:00","dateModified":"2026-04-20T14:19:40+00:00","mainEntityOfPage":{"@id":"https:\/\/www.bioga.org\/en\/zendal-joins-the-bioga-leadership\/"},"wordCount":505,"publisher":{"@id":"https:\/\/www.bioga.org\/#organization"},"image":{"@id":"https:\/\/www.bioga.org\/en\/zendal-joins-the-bioga-leadership\/#primaryimage"},"thumbnailUrl":"https:\/\/www.bioga.org\/wp-content\/uploads\/2025\/02\/42A5102.jpg","articleSection":["Sin categorizar"],"inLanguage":"en-US"},{"@type":"WebPage","@id":"https:\/\/www.bioga.org\/en\/zendal-joins-the-bioga-leadership\/","url":"https:\/\/www.bioga.org\/en\/zendal-joins-the-bioga-leadership\/","name":"Zendal joins the Bioga leadership | Bioga","isPartOf":{"@id":"https:\/\/www.bioga.org\/#website"},"primaryImageOfPage":{"@id":"https:\/\/www.bioga.org\/en\/zendal-joins-the-bioga-leadership\/#primaryimage"},"image":{"@id":"https:\/\/www.bioga.org\/en\/zendal-joins-the-bioga-leadership\/#primaryimage"},"thumbnailUrl":"https:\/\/www.bioga.org\/wp-content\/uploads\/2025\/02\/42A5102.jpg","datePublished":"2025-02-17T13:41:06+00:00","dateModified":"2026-04-20T14:19:40+00:00","description":"Bioga es el Cluster Tecnol\u00f3xico Empresarial das Ciencias da Vida de Galicia. La voz de la industria Biotech Gallega.","breadcrumb":{"@id":"https:\/\/www.bioga.org\/en\/zendal-joins-the-bioga-leadership\/#breadcrumb"},"inLanguage":"en-US","potentialAction":[{"@type":"ReadAction","target":["https:\/\/www.bioga.org\/en\/zendal-joins-the-bioga-leadership\/"]}]},{"@type":"ImageObject","inLanguage":"en-US","@id":"https:\/\/www.bioga.org\/en\/zendal-joins-the-bioga-leadership\/#primaryimage","url":"https:\/\/www.bioga.org\/wp-content\/uploads\/2025\/02\/42A5102.jpg","contentUrl":"https:\/\/www.bioga.org\/wp-content\/uploads\/2025\/02\/42A5102.jpg","width":1920,"height":1281},{"@type":"BreadcrumbList","@id":"https:\/\/www.bioga.org\/en\/zendal-joins-the-bioga-leadership\/#breadcrumb","itemListElement":[{"@type":"ListItem","position":1,"name":"Home","item":"https:\/\/www.bioga.org\/en\/"},{"@type":"ListItem","position":2,"name":"Zendal joins the Bioga leadership"}]},{"@type":"WebSite","@id":"https:\/\/www.bioga.org\/#website","url":"https:\/\/www.bioga.org\/","name":"Bioga","description":"Cl\u00faster Tecnol\u00f3xico Empresarial das Ciencias da Vida","publisher":{"@id":"https:\/\/www.bioga.org\/#organization"},"potentialAction":[{"@type":"SearchAction","target":{"@type":"EntryPoint","urlTemplate":"https:\/\/www.bioga.org\/?s={search_term_string}"},"query-input":{"@type":"PropertyValueSpecification","valueRequired":true,"valueName":"search_term_string"}}],"inLanguage":"en-US"},{"@type":"Organization","@id":"https:\/\/www.bioga.org\/#organization","name":"Bioga","url":"https:\/\/www.bioga.org\/","logo":{"@type":"ImageObject","inLanguage":"en-US","@id":"https:\/\/www.bioga.org\/#\/schema\/logo\/image\/","url":"https:\/\/www.bioga.org\/wp-content\/uploads\/2022\/06\/bioga-logo-color-lg.svg","contentUrl":"https:\/\/www.bioga.org\/wp-content\/uploads\/2022\/06\/bioga-logo-color-lg.svg","width":121,"height":41,"caption":"Bioga"},"image":{"@id":"https:\/\/www.bioga.org\/#\/schema\/logo\/image\/"},"sameAs":["https:\/\/www.facebook.com\/BiogaGalicia\/","https:\/\/x.com\/BiogaGalicia","https:\/\/www.linkedin.com\/company\/","https:\/\/www.instagram.com\/biogagalicia\/"]},{"@type":"Person","@id":"https:\/\/www.bioga.org\/#\/schema\/person\/329607fc4a5332a03f861ca5291c1590","name":"Pablo","image":{"@type":"ImageObject","inLanguage":"en-US","@id":"https:\/\/secure.gravatar.com\/avatar\/6eaa8ed352536531f3d41b0c8940e7337b6d2e0e2d4da947d5699b284309bb0d?s=96&d=mm&r=g","url":"https:\/\/secure.gravatar.com\/avatar\/6eaa8ed352536531f3d41b0c8940e7337b6d2e0e2d4da947d5699b284309bb0d?s=96&d=mm&r=g","contentUrl":"https:\/\/secure.gravatar.com\/avatar\/6eaa8ed352536531f3d41b0c8940e7337b6d2e0e2d4da947d5699b284309bb0d?s=96&d=mm&r=g","caption":"Pablo"},"url":"https:\/\/www.bioga.org\/en\/author\/pablobioga-org\/"}]}},"_links":{"self":[{"href":"https:\/\/www.bioga.org\/en\/wp-json\/wp\/v2\/posts\/8711","targetHints":{"allow":["GET"]}}],"collection":[{"href":"https:\/\/www.bioga.org\/en\/wp-json\/wp\/v2\/posts"}],"about":[{"href":"https:\/\/www.bioga.org\/en\/wp-json\/wp\/v2\/types\/post"}],"author":[{"embeddable":true,"href":"https:\/\/www.bioga.org\/en\/wp-json\/wp\/v2\/users\/2"}],"replies":[{"embeddable":true,"href":"https:\/\/www.bioga.org\/en\/wp-json\/wp\/v2\/comments?post=8711"}],"version-history":[{"count":2,"href":"https:\/\/www.bioga.org\/en\/wp-json\/wp\/v2\/posts\/8711\/revisions"}],"predecessor-version":[{"id":8713,"href":"https:\/\/www.bioga.org\/en\/wp-json\/wp\/v2\/posts\/8711\/revisions\/8713"}],"wp:featuredmedia":[{"embeddable":true,"href":"https:\/\/www.bioga.org\/en\/wp-json\/wp\/v2\/media\/7038"}],"wp:attachment":[{"href":"https:\/\/www.bioga.org\/en\/wp-json\/wp\/v2\/media?parent=8711"}],"wp:term":[{"taxonomy":"category","embeddable":true,"href":"https:\/\/www.bioga.org\/en\/wp-json\/wp\/v2\/categories?post=8711"},{"taxonomy":"post_tag","embeddable":true,"href":"https:\/\/www.bioga.org\/en\/wp-json\/wp\/v2\/tags?post=8711"}],"curies":[{"name":"wp","href":"https:\/\/api.w.org\/{rel}","templated":true}]}}