{"id":8666,"date":"2025-05-30T13:51:39","date_gmt":"2025-05-30T11:51:39","guid":{"rendered":"https:\/\/www.bioga.org\/malaga-se-convierte-en-epicentro-de-la-biotecnologia-con-un-evento-que-reune-a-referentes-y-empresas-lideres-del-sector\/"},"modified":"2026-04-20T15:33:27","modified_gmt":"2026-04-20T13:33:27","slug":"malaga-becomes-the-epicenter-of-biotechnology-with-an-event-that-brings-together-leading-figures-and-companies-in-the-sector","status":"publish","type":"post","link":"https:\/\/www.bioga.org\/en\/malaga-becomes-the-epicenter-of-biotechnology-with-an-event-that-brings-together-leading-figures-and-companies-in-the-sector\/","title":{"rendered":"Malaga becomes the epicenter of biotechnology with an event that brings together leading figures and companies in the sector"},"content":{"rendered":"<h6 style=\"text-align: justify;\">From July 9 to 11, more than 300 experts, researchers and leading companies will meet in the capital of Malaga to address the challenges and opportunities of one of the sectors with the greatest scientific and economic projection during the Annual Biotechnology Congress.<\/h6>\n<p style=\"text-align: justify;\">The city of M\u00e1laga will host the 18th Annual Biotechnology Congress, BAC M\u00e1laga 2025, on July 9, 10, and 11, solidifying its position as one of the most important meeting points on the national scientific scene. The event, organized by the Spanish Federation of Biotechnologists (FEBiotec) and the Association of Biotechnologists of Andalusia (AsBAn), in collaboration with the University of M\u00e1laga, will bring together leading figures in research, innovation, and business at a crucial time for the sector\u2019s development.<\/p>\n<p style=\"text-align: justify;\">The official opening of the event will be attended by national and regional political representatives who will kick off a series of events characterized by scientific innovation, collaboration between professionals and networking, as well as offering specialized training for researchers, professionals and students in the field of biotechnology.<\/p>\n<p style=\"text-align: justify; padding-left: 40px;\">\u201cLast year, more than 300 people participated in the Annual Biotechnology Congress. This year, Malaga is consolidating its position as a leading center committed to scientific advancement and the debate on the future of biotechnology in Spain,\u201d says Adri\u00e1n Mac\u00edas de la Rosa, president of AsBAn and general coordinator of BAC Malaga 2025.<\/p>\n<p style=\"text-align: justify;\">The congress will feature renowned figures such as Margarita del Val, a researcher at the Spanish National Research Council (CSIC) and one of the most recognized voices during the COVID-19 pandemic; Dr. Gin\u00e9s Morata, an internationally acclaimed geneticist, winner of the Prince of Asturias Award in 2007, and a member of the Royal Society of the United Kingdom. They will be joined by leading biotechnology companies, such as PharmaMar, Roche, Syngenta, and Vaxdyn, which will share their latest advances and demonstrate how scientific innovation translates into real solutions with an impact on health, the environment, and food.<\/p>\n<p style=\"text-align: justify; padding-left: 40px;\">\u201cThis congress is not just an annual event, it is a driving force for diverse generations dedicated to biotechnology and committed to the transformation of the country through knowledge,\u201d declares Carlos Garc\u00eda Rodr\u00edguez, general coordinator of BAC M\u00e1laga 2025.<\/p>\n<p style=\"text-align: justify;\">The event will offer a comprehensive experience combining science, training, and professional networking. For three days, attendees will enjoy top-level scientific presentations, hands-on workshops, specialized courses, networking opportunities with companies, and personalized mentoring sessions. In addition, there will be technical visits, research presentations, and social activities designed to foster interaction and collaboration among researchers, students, professionals, and representatives of the national biotechnology sector.<\/p>\n<p>Registration for the event will be available on the official event website (<a href=\"https:\/\/bac.febiotec.es\">https:\/\/bac.febiotec.es<\/a>) until June 15th, with special discounts for members of associations belonging to FEBiotec.<\/p>\n<hr \/>\n<p style=\"text-align: justify;\"><strong>Press Contact<\/strong><\/p>\n<p style=\"text-align: justify;\">Media professionals interested in covering the event can request accreditation by writing to bac2025@febiotec.es, or via the form available in the press section of the official website.<\/p>\n<p><img loading=\"lazy\" decoding=\"async\" class=\"alignnone wp-image-7398 aligncenter\" src=\"https:\/\/www.bioga.org\/wp-content\/uploads\/2025\/05\/Captura-de-pantalla-2025-05-30-135328-300x51.png\" alt=\"\" width=\"770\" height=\"131\" srcset=\"https:\/\/www.bioga.org\/wp-content\/uploads\/2025\/05\/Captura-de-pantalla-2025-05-30-135328-300x51.png 300w, https:\/\/www.bioga.org\/wp-content\/uploads\/2025\/05\/Captura-de-pantalla-2025-05-30-135328-1024x173.png 1024w, https:\/\/www.bioga.org\/wp-content\/uploads\/2025\/05\/Captura-de-pantalla-2025-05-30-135328-768x130.png 768w, https:\/\/www.bioga.org\/wp-content\/uploads\/2025\/05\/Captura-de-pantalla-2025-05-30-135328-1536x259.png 1536w, https:\/\/www.bioga.org\/wp-content\/uploads\/2025\/05\/Captura-de-pantalla-2025-05-30-135328.png 1690w\" sizes=\"auto, (max-width: 770px) 100vw, 770px\" \/><\/p>\n","protected":false},"excerpt":{"rendered":"<p>From July 9 to 11, more than 300 experts, researchers and leading companies will meet in the capital of Malaga to&#8230;<\/p>\n","protected":false},"author":2,"featured_media":7395,"comment_status":"closed","ping_status":"closed","sticky":false,"template":"","format":"standard","meta":{"footnotes":"","_links_to":"","_links_to_target":""},"categories":[53],"tags":[],"class_list":["post-8666","post","type-post","status-publish","format-standard","has-post-thumbnail","hentry","category-sin-categorizar-en"],"yoast_head":"<!-- This site is optimized with the Yoast SEO plugin v27.5 - https:\/\/yoast.com\/product\/yoast-seo-wordpress\/ -->\n<title>Malaga becomes the epicenter of biotechnology with an event that brings together leading figures and companies in the sector | Bioga<\/title>\n<meta name=\"description\" content=\"Bioga es el Cluster Tecnol\u00f3xico Empresarial das Ciencias da Vida de Galicia. La voz de la industria Biotech Gallega.\" \/>\n<meta name=\"robots\" content=\"index, follow, max-snippet:-1, max-image-preview:large, max-video-preview:-1\" \/>\n<link rel=\"canonical\" href=\"https:\/\/www.bioga.org\/en\/malaga-becomes-the-epicenter-of-biotechnology-with-an-event-that-brings-together-leading-figures-and-companies-in-the-sector\/\" \/>\n<meta property=\"og:locale\" content=\"en_US\" \/>\n<meta property=\"og:type\" content=\"article\" \/>\n<meta property=\"og:title\" content=\"Malaga becomes the epicenter of biotechnology with an event that brings together leading figures and companies in the sector | Bioga\" \/>\n<meta property=\"og:description\" content=\"Bioga es el Cluster Tecnol\u00f3xico Empresarial das Ciencias da Vida de Galicia. La voz de la industria Biotech Gallega.\" \/>\n<meta property=\"og:url\" content=\"https:\/\/www.bioga.org\/en\/malaga-becomes-the-epicenter-of-biotechnology-with-an-event-that-brings-together-leading-figures-and-companies-in-the-sector\/\" \/>\n<meta property=\"og:site_name\" content=\"Bioga\" \/>\n<meta property=\"article:publisher\" content=\"https:\/\/www.facebook.com\/BiogaGalicia\/\" \/>\n<meta property=\"article:published_time\" content=\"2025-05-30T11:51:39+00:00\" \/>\n<meta property=\"article:modified_time\" content=\"2026-04-20T13:33:27+00:00\" \/>\n<meta property=\"og:image\" content=\"https:\/\/www.bioga.org\/wp-content\/uploads\/2025\/05\/IMAGEN-NEWSLETTER-OPCIO\u2560uN-1-2.png\" \/>\n\t<meta property=\"og:image:width\" content=\"1\" \/>\n\t<meta property=\"og:image:height\" content=\"1\" \/>\n\t<meta property=\"og:image:type\" content=\"image\/png\" \/>\n<meta name=\"author\" content=\"Pablo\" \/>\n<meta name=\"twitter:card\" content=\"summary_large_image\" \/>\n<meta name=\"twitter:creator\" content=\"@BiogaGalicia\" \/>\n<meta name=\"twitter:site\" content=\"@BiogaGalicia\" \/>\n<meta name=\"twitter:label1\" content=\"Written by\" \/>\n\t<meta name=\"twitter:data1\" content=\"Pablo\" \/>\n\t<meta name=\"twitter:label2\" content=\"Est. reading time\" \/>\n\t<meta name=\"twitter:data2\" content=\"3 minutes\" \/>\n<script type=\"application\/ld+json\" class=\"yoast-schema-graph\">{\"@context\":\"https:\\\/\\\/schema.org\",\"@graph\":[{\"@type\":\"Article\",\"@id\":\"https:\\\/\\\/www.bioga.org\\\/en\\\/malaga-becomes-the-epicenter-of-biotechnology-with-an-event-that-brings-together-leading-figures-and-companies-in-the-sector\\\/#article\",\"isPartOf\":{\"@id\":\"https:\\\/\\\/www.bioga.org\\\/en\\\/malaga-becomes-the-epicenter-of-biotechnology-with-an-event-that-brings-together-leading-figures-and-companies-in-the-sector\\\/\"},\"author\":{\"name\":\"Pablo\",\"@id\":\"https:\\\/\\\/www.bioga.org\\\/#\\\/schema\\\/person\\\/329607fc4a5332a03f861ca5291c1590\"},\"headline\":\"Malaga becomes the epicenter of biotechnology with an event that brings together leading figures and companies in the sector\",\"datePublished\":\"2025-05-30T11:51:39+00:00\",\"dateModified\":\"2026-04-20T13:33:27+00:00\",\"mainEntityOfPage\":{\"@id\":\"https:\\\/\\\/www.bioga.org\\\/en\\\/malaga-becomes-the-epicenter-of-biotechnology-with-an-event-that-brings-together-leading-figures-and-companies-in-the-sector\\\/\"},\"wordCount\":499,\"publisher\":{\"@id\":\"https:\\\/\\\/www.bioga.org\\\/#organization\"},\"image\":{\"@id\":\"https:\\\/\\\/www.bioga.org\\\/en\\\/malaga-becomes-the-epicenter-of-biotechnology-with-an-event-that-brings-together-leading-figures-and-companies-in-the-sector\\\/#primaryimage\"},\"thumbnailUrl\":\"https:\\\/\\\/www.bioga.org\\\/wp-content\\\/uploads\\\/2025\\\/05\\\/IMAGEN-NEWSLETTER-OPCIO\u2560uN-1-2.png\",\"articleSection\":[\"Sin categorizar\"],\"inLanguage\":\"en-US\"},{\"@type\":\"WebPage\",\"@id\":\"https:\\\/\\\/www.bioga.org\\\/en\\\/malaga-becomes-the-epicenter-of-biotechnology-with-an-event-that-brings-together-leading-figures-and-companies-in-the-sector\\\/\",\"url\":\"https:\\\/\\\/www.bioga.org\\\/en\\\/malaga-becomes-the-epicenter-of-biotechnology-with-an-event-that-brings-together-leading-figures-and-companies-in-the-sector\\\/\",\"name\":\"Malaga becomes the epicenter of biotechnology with an event that brings together leading figures and companies in the sector | Bioga\",\"isPartOf\":{\"@id\":\"https:\\\/\\\/www.bioga.org\\\/#website\"},\"primaryImageOfPage\":{\"@id\":\"https:\\\/\\\/www.bioga.org\\\/en\\\/malaga-becomes-the-epicenter-of-biotechnology-with-an-event-that-brings-together-leading-figures-and-companies-in-the-sector\\\/#primaryimage\"},\"image\":{\"@id\":\"https:\\\/\\\/www.bioga.org\\\/en\\\/malaga-becomes-the-epicenter-of-biotechnology-with-an-event-that-brings-together-leading-figures-and-companies-in-the-sector\\\/#primaryimage\"},\"thumbnailUrl\":\"https:\\\/\\\/www.bioga.org\\\/wp-content\\\/uploads\\\/2025\\\/05\\\/IMAGEN-NEWSLETTER-OPCIO\u2560uN-1-2.png\",\"datePublished\":\"2025-05-30T11:51:39+00:00\",\"dateModified\":\"2026-04-20T13:33:27+00:00\",\"description\":\"Bioga es el Cluster Tecnol\u00f3xico Empresarial das Ciencias da Vida de Galicia. La voz de la industria Biotech Gallega.\",\"breadcrumb\":{\"@id\":\"https:\\\/\\\/www.bioga.org\\\/en\\\/malaga-becomes-the-epicenter-of-biotechnology-with-an-event-that-brings-together-leading-figures-and-companies-in-the-sector\\\/#breadcrumb\"},\"inLanguage\":\"en-US\",\"potentialAction\":[{\"@type\":\"ReadAction\",\"target\":[\"https:\\\/\\\/www.bioga.org\\\/en\\\/malaga-becomes-the-epicenter-of-biotechnology-with-an-event-that-brings-together-leading-figures-and-companies-in-the-sector\\\/\"]}]},{\"@type\":\"ImageObject\",\"inLanguage\":\"en-US\",\"@id\":\"https:\\\/\\\/www.bioga.org\\\/en\\\/malaga-becomes-the-epicenter-of-biotechnology-with-an-event-that-brings-together-leading-figures-and-companies-in-the-sector\\\/#primaryimage\",\"url\":\"https:\\\/\\\/www.bioga.org\\\/wp-content\\\/uploads\\\/2025\\\/05\\\/IMAGEN-NEWSLETTER-OPCIO\u2560uN-1-2.png\",\"contentUrl\":\"https:\\\/\\\/www.bioga.org\\\/wp-content\\\/uploads\\\/2025\\\/05\\\/IMAGEN-NEWSLETTER-OPCIO\u2560uN-1-2.png\"},{\"@type\":\"BreadcrumbList\",\"@id\":\"https:\\\/\\\/www.bioga.org\\\/en\\\/malaga-becomes-the-epicenter-of-biotechnology-with-an-event-that-brings-together-leading-figures-and-companies-in-the-sector\\\/#breadcrumb\",\"itemListElement\":[{\"@type\":\"ListItem\",\"position\":1,\"name\":\"Home\",\"item\":\"https:\\\/\\\/www.bioga.org\\\/en\\\/\"},{\"@type\":\"ListItem\",\"position\":2,\"name\":\"Malaga becomes the epicenter of biotechnology with an event that brings together leading figures and companies in the sector\"}]},{\"@type\":\"WebSite\",\"@id\":\"https:\\\/\\\/www.bioga.org\\\/#website\",\"url\":\"https:\\\/\\\/www.bioga.org\\\/\",\"name\":\"Bioga\",\"description\":\"Cl\u00faster Tecnol\u00f3xico Empresarial das Ciencias da Vida\",\"publisher\":{\"@id\":\"https:\\\/\\\/www.bioga.org\\\/#organization\"},\"potentialAction\":[{\"@type\":\"SearchAction\",\"target\":{\"@type\":\"EntryPoint\",\"urlTemplate\":\"https:\\\/\\\/www.bioga.org\\\/?s={search_term_string}\"},\"query-input\":{\"@type\":\"PropertyValueSpecification\",\"valueRequired\":true,\"valueName\":\"search_term_string\"}}],\"inLanguage\":\"en-US\"},{\"@type\":\"Organization\",\"@id\":\"https:\\\/\\\/www.bioga.org\\\/#organization\",\"name\":\"Bioga\",\"url\":\"https:\\\/\\\/www.bioga.org\\\/\",\"logo\":{\"@type\":\"ImageObject\",\"inLanguage\":\"en-US\",\"@id\":\"https:\\\/\\\/www.bioga.org\\\/#\\\/schema\\\/logo\\\/image\\\/\",\"url\":\"https:\\\/\\\/www.bioga.org\\\/wp-content\\\/uploads\\\/2022\\\/06\\\/bioga-logo-color-lg.svg\",\"contentUrl\":\"https:\\\/\\\/www.bioga.org\\\/wp-content\\\/uploads\\\/2022\\\/06\\\/bioga-logo-color-lg.svg\",\"width\":121,\"height\":41,\"caption\":\"Bioga\"},\"image\":{\"@id\":\"https:\\\/\\\/www.bioga.org\\\/#\\\/schema\\\/logo\\\/image\\\/\"},\"sameAs\":[\"https:\\\/\\\/www.facebook.com\\\/BiogaGalicia\\\/\",\"https:\\\/\\\/x.com\\\/BiogaGalicia\",\"https:\\\/\\\/www.linkedin.com\\\/company\\\/\",\"https:\\\/\\\/www.instagram.com\\\/biogagalicia\\\/\"]},{\"@type\":\"Person\",\"@id\":\"https:\\\/\\\/www.bioga.org\\\/#\\\/schema\\\/person\\\/329607fc4a5332a03f861ca5291c1590\",\"name\":\"Pablo\",\"image\":{\"@type\":\"ImageObject\",\"inLanguage\":\"en-US\",\"@id\":\"https:\\\/\\\/secure.gravatar.com\\\/avatar\\\/6eaa8ed352536531f3d41b0c8940e7337b6d2e0e2d4da947d5699b284309bb0d?s=96&d=mm&r=g\",\"url\":\"https:\\\/\\\/secure.gravatar.com\\\/avatar\\\/6eaa8ed352536531f3d41b0c8940e7337b6d2e0e2d4da947d5699b284309bb0d?s=96&d=mm&r=g\",\"contentUrl\":\"https:\\\/\\\/secure.gravatar.com\\\/avatar\\\/6eaa8ed352536531f3d41b0c8940e7337b6d2e0e2d4da947d5699b284309bb0d?s=96&d=mm&r=g\",\"caption\":\"Pablo\"},\"url\":\"https:\\\/\\\/www.bioga.org\\\/en\\\/author\\\/pablobioga-org\\\/\"}]}<\/script>\n<!-- \/ Yoast SEO plugin. -->","yoast_head_json":{"title":"Malaga becomes the epicenter of biotechnology with an event that brings together leading figures and companies in the sector | Bioga","description":"Bioga es el Cluster Tecnol\u00f3xico Empresarial das Ciencias da Vida de Galicia. La voz de la industria Biotech Gallega.","robots":{"index":"index","follow":"follow","max-snippet":"max-snippet:-1","max-image-preview":"max-image-preview:large","max-video-preview":"max-video-preview:-1"},"canonical":"https:\/\/www.bioga.org\/en\/malaga-becomes-the-epicenter-of-biotechnology-with-an-event-that-brings-together-leading-figures-and-companies-in-the-sector\/","og_locale":"en_US","og_type":"article","og_title":"Malaga becomes the epicenter of biotechnology with an event that brings together leading figures and companies in the sector | Bioga","og_description":"Bioga es el Cluster Tecnol\u00f3xico Empresarial das Ciencias da Vida de Galicia. La voz de la industria Biotech Gallega.","og_url":"https:\/\/www.bioga.org\/en\/malaga-becomes-the-epicenter-of-biotechnology-with-an-event-that-brings-together-leading-figures-and-companies-in-the-sector\/","og_site_name":"Bioga","article_publisher":"https:\/\/www.facebook.com\/BiogaGalicia\/","article_published_time":"2025-05-30T11:51:39+00:00","article_modified_time":"2026-04-20T13:33:27+00:00","og_image":[{"url":"https:\/\/www.bioga.org\/wp-content\/uploads\/2025\/05\/IMAGEN-NEWSLETTER-OPCIO\u2560uN-1-2.png","width":1,"height":1,"type":"image\/png"}],"author":"Pablo","twitter_card":"summary_large_image","twitter_creator":"@BiogaGalicia","twitter_site":"@BiogaGalicia","twitter_misc":{"Written by":"Pablo","Est. reading time":"3 minutes"},"schema":{"@context":"https:\/\/schema.org","@graph":[{"@type":"Article","@id":"https:\/\/www.bioga.org\/en\/malaga-becomes-the-epicenter-of-biotechnology-with-an-event-that-brings-together-leading-figures-and-companies-in-the-sector\/#article","isPartOf":{"@id":"https:\/\/www.bioga.org\/en\/malaga-becomes-the-epicenter-of-biotechnology-with-an-event-that-brings-together-leading-figures-and-companies-in-the-sector\/"},"author":{"name":"Pablo","@id":"https:\/\/www.bioga.org\/#\/schema\/person\/329607fc4a5332a03f861ca5291c1590"},"headline":"Malaga becomes the epicenter of biotechnology with an event that brings together leading figures and companies in the sector","datePublished":"2025-05-30T11:51:39+00:00","dateModified":"2026-04-20T13:33:27+00:00","mainEntityOfPage":{"@id":"https:\/\/www.bioga.org\/en\/malaga-becomes-the-epicenter-of-biotechnology-with-an-event-that-brings-together-leading-figures-and-companies-in-the-sector\/"},"wordCount":499,"publisher":{"@id":"https:\/\/www.bioga.org\/#organization"},"image":{"@id":"https:\/\/www.bioga.org\/en\/malaga-becomes-the-epicenter-of-biotechnology-with-an-event-that-brings-together-leading-figures-and-companies-in-the-sector\/#primaryimage"},"thumbnailUrl":"https:\/\/www.bioga.org\/wp-content\/uploads\/2025\/05\/IMAGEN-NEWSLETTER-OPCIO\u2560uN-1-2.png","articleSection":["Sin categorizar"],"inLanguage":"en-US"},{"@type":"WebPage","@id":"https:\/\/www.bioga.org\/en\/malaga-becomes-the-epicenter-of-biotechnology-with-an-event-that-brings-together-leading-figures-and-companies-in-the-sector\/","url":"https:\/\/www.bioga.org\/en\/malaga-becomes-the-epicenter-of-biotechnology-with-an-event-that-brings-together-leading-figures-and-companies-in-the-sector\/","name":"Malaga becomes the epicenter of biotechnology with an event that brings together leading figures and companies in the sector | Bioga","isPartOf":{"@id":"https:\/\/www.bioga.org\/#website"},"primaryImageOfPage":{"@id":"https:\/\/www.bioga.org\/en\/malaga-becomes-the-epicenter-of-biotechnology-with-an-event-that-brings-together-leading-figures-and-companies-in-the-sector\/#primaryimage"},"image":{"@id":"https:\/\/www.bioga.org\/en\/malaga-becomes-the-epicenter-of-biotechnology-with-an-event-that-brings-together-leading-figures-and-companies-in-the-sector\/#primaryimage"},"thumbnailUrl":"https:\/\/www.bioga.org\/wp-content\/uploads\/2025\/05\/IMAGEN-NEWSLETTER-OPCIO\u2560uN-1-2.png","datePublished":"2025-05-30T11:51:39+00:00","dateModified":"2026-04-20T13:33:27+00:00","description":"Bioga es el Cluster Tecnol\u00f3xico Empresarial das Ciencias da Vida de Galicia. La voz de la industria Biotech Gallega.","breadcrumb":{"@id":"https:\/\/www.bioga.org\/en\/malaga-becomes-the-epicenter-of-biotechnology-with-an-event-that-brings-together-leading-figures-and-companies-in-the-sector\/#breadcrumb"},"inLanguage":"en-US","potentialAction":[{"@type":"ReadAction","target":["https:\/\/www.bioga.org\/en\/malaga-becomes-the-epicenter-of-biotechnology-with-an-event-that-brings-together-leading-figures-and-companies-in-the-sector\/"]}]},{"@type":"ImageObject","inLanguage":"en-US","@id":"https:\/\/www.bioga.org\/en\/malaga-becomes-the-epicenter-of-biotechnology-with-an-event-that-brings-together-leading-figures-and-companies-in-the-sector\/#primaryimage","url":"https:\/\/www.bioga.org\/wp-content\/uploads\/2025\/05\/IMAGEN-NEWSLETTER-OPCIO\u2560uN-1-2.png","contentUrl":"https:\/\/www.bioga.org\/wp-content\/uploads\/2025\/05\/IMAGEN-NEWSLETTER-OPCIO\u2560uN-1-2.png"},{"@type":"BreadcrumbList","@id":"https:\/\/www.bioga.org\/en\/malaga-becomes-the-epicenter-of-biotechnology-with-an-event-that-brings-together-leading-figures-and-companies-in-the-sector\/#breadcrumb","itemListElement":[{"@type":"ListItem","position":1,"name":"Home","item":"https:\/\/www.bioga.org\/en\/"},{"@type":"ListItem","position":2,"name":"Malaga becomes the epicenter of biotechnology with an event that brings together leading figures and companies in the sector"}]},{"@type":"WebSite","@id":"https:\/\/www.bioga.org\/#website","url":"https:\/\/www.bioga.org\/","name":"Bioga","description":"Cl\u00faster Tecnol\u00f3xico Empresarial das Ciencias da Vida","publisher":{"@id":"https:\/\/www.bioga.org\/#organization"},"potentialAction":[{"@type":"SearchAction","target":{"@type":"EntryPoint","urlTemplate":"https:\/\/www.bioga.org\/?s={search_term_string}"},"query-input":{"@type":"PropertyValueSpecification","valueRequired":true,"valueName":"search_term_string"}}],"inLanguage":"en-US"},{"@type":"Organization","@id":"https:\/\/www.bioga.org\/#organization","name":"Bioga","url":"https:\/\/www.bioga.org\/","logo":{"@type":"ImageObject","inLanguage":"en-US","@id":"https:\/\/www.bioga.org\/#\/schema\/logo\/image\/","url":"https:\/\/www.bioga.org\/wp-content\/uploads\/2022\/06\/bioga-logo-color-lg.svg","contentUrl":"https:\/\/www.bioga.org\/wp-content\/uploads\/2022\/06\/bioga-logo-color-lg.svg","width":121,"height":41,"caption":"Bioga"},"image":{"@id":"https:\/\/www.bioga.org\/#\/schema\/logo\/image\/"},"sameAs":["https:\/\/www.facebook.com\/BiogaGalicia\/","https:\/\/x.com\/BiogaGalicia","https:\/\/www.linkedin.com\/company\/","https:\/\/www.instagram.com\/biogagalicia\/"]},{"@type":"Person","@id":"https:\/\/www.bioga.org\/#\/schema\/person\/329607fc4a5332a03f861ca5291c1590","name":"Pablo","image":{"@type":"ImageObject","inLanguage":"en-US","@id":"https:\/\/secure.gravatar.com\/avatar\/6eaa8ed352536531f3d41b0c8940e7337b6d2e0e2d4da947d5699b284309bb0d?s=96&d=mm&r=g","url":"https:\/\/secure.gravatar.com\/avatar\/6eaa8ed352536531f3d41b0c8940e7337b6d2e0e2d4da947d5699b284309bb0d?s=96&d=mm&r=g","contentUrl":"https:\/\/secure.gravatar.com\/avatar\/6eaa8ed352536531f3d41b0c8940e7337b6d2e0e2d4da947d5699b284309bb0d?s=96&d=mm&r=g","caption":"Pablo"},"url":"https:\/\/www.bioga.org\/en\/author\/pablobioga-org\/"}]}},"_links":{"self":[{"href":"https:\/\/www.bioga.org\/en\/wp-json\/wp\/v2\/posts\/8666","targetHints":{"allow":["GET"]}}],"collection":[{"href":"https:\/\/www.bioga.org\/en\/wp-json\/wp\/v2\/posts"}],"about":[{"href":"https:\/\/www.bioga.org\/en\/wp-json\/wp\/v2\/types\/post"}],"author":[{"embeddable":true,"href":"https:\/\/www.bioga.org\/en\/wp-json\/wp\/v2\/users\/2"}],"replies":[{"embeddable":true,"href":"https:\/\/www.bioga.org\/en\/wp-json\/wp\/v2\/comments?post=8666"}],"version-history":[{"count":2,"href":"https:\/\/www.bioga.org\/en\/wp-json\/wp\/v2\/posts\/8666\/revisions"}],"predecessor-version":[{"id":8672,"href":"https:\/\/www.bioga.org\/en\/wp-json\/wp\/v2\/posts\/8666\/revisions\/8672"}],"wp:featuredmedia":[{"embeddable":true,"href":"https:\/\/www.bioga.org\/en\/wp-json\/wp\/v2\/media\/7395"}],"wp:attachment":[{"href":"https:\/\/www.bioga.org\/en\/wp-json\/wp\/v2\/media?parent=8666"}],"wp:term":[{"taxonomy":"category","embeddable":true,"href":"https:\/\/www.bioga.org\/en\/wp-json\/wp\/v2\/categories?post=8666"},{"taxonomy":"post_tag","embeddable":true,"href":"https:\/\/www.bioga.org\/en\/wp-json\/wp\/v2\/tags?post=8666"}],"curies":[{"name":"wp","href":"https:\/\/api.w.org\/{rel}","templated":true}]}}