{"id":7151,"date":"2025-03-18T23:42:49","date_gmt":"2025-03-18T22:42:49","guid":{"rendered":"https:\/\/www.bioga.org\/?p=7151"},"modified":"2025-03-18T23:43:35","modified_gmt":"2025-03-18T22:43:35","slug":"el-ecosistema-biotech-de-galicia-representado-por-bioga-acude-a-bio-europe-spring-2025-en-milan-del-17-al-19-de-marzo-para-reforzar-su-apuesta-por-la-internacionalizacion","status":"publish","type":"post","link":"https:\/\/www.bioga.org\/en\/el-ecosistema-biotech-de-galicia-representado-por-bioga-acude-a-bio-europe-spring-2025-en-milan-del-17-al-19-de-marzo-para-reforzar-su-apuesta-por-la-internacionalizacion\/","title":{"rendered":"El ecosistema biotech de Galicia, representado por Bioga, acude a Bio-Europe Spring 2025, en Mil\u00e1n del 17 al 19 de marzo, para reforzar su apuesta por la internacionalizaci\u00f3n"},"content":{"rendered":"<h6 style=\"text-align: justify;\">El Cl\u00faster Tecnol\u00f3xico Empresarial das Ciencias da Vida (Bioga) tambi\u00e9n particip\u00f3 en marzo en una mesa redonda sobre la colaboraci\u00f3n estrat\u00e9gica entre biorregiones en la X IBiolC Annual Conference celebrada en Glasgow<\/h6>\n<p style=\"text-align: justify;\"><strong>Santiago. 18\/marzo\/2025.<\/strong> El Cl\u00faster Tecnol\u00f3xico Empresarial das Ciencias da Vida (Bioga) y siete empresas del ecosistema biotecnol\u00f3gico de Galicia acuden a Bio-Europe Spring 2025, la principal feria biotecnol\u00f3gica y farmac\u00e9utica de Europa que este a\u00f1o se celebra en la ciudad de Mil\u00e1n desde ayer, d\u00eda 17 de marzo de 2025, y hasta ma\u00f1ana mi\u00e9rcoles, 19 de marzo de 2025. El sector biotecnol\u00f3gico reafirma as\u00ed su apuesta por su internacionalizaci\u00f3n a trav\u00e9s de una feria que conecta empresas de los principales centros de innovaci\u00f3n de Europa con la comunidad global de ciencias de la vida para fomentar contactos y alianzas estrat\u00e9gicas.<\/p>\n<p style=\"text-align: justify;\">Las compa\u00f1\u00edas gallegas que estar\u00e1n en Bio-Europe Spring 2025 son CZ Vaccines, del grupo Zendal, ubicada en O Porri\u00f1o (Pontevedra); GalChimia, con sede en Touro; Hifas Innovation Hub, del grupo pontevedr\u00e9s Hifas da Terra; y las compostelanas DIVERSA Technologies, SunRock Biopharma, Linknovate y Batea Oncology. El presidente de Bioga, Jos\u00e9 Manuel L\u00f3pez Vilari\u00f1o, destaca que esta acci\u00f3n refuerza la estrategia de Bioga y de todo el ecosistema biotecnol\u00f3gico de Galicia \u201cpara seguir apostando durante 2025 por la internacionalizaci\u00f3n\u201d. Esta acci\u00f3n cuenta con el respaldo del Instituto Galego de Promoci\u00f3n Econ\u00f3mica (Igape) a trav\u00e9s de los programas Galicia Exporta Organismos Intermedios y el Plan Foexga.<\/p>\n<p style=\"text-align: justify;\">Bio-Europe Spring 2025 reunir\u00e1 a m\u00e1s de 3.700 ejecutivos l\u00edderes de todo el mundo. Est\u00e1n previstos m\u00e1s de 20.000 encuentros de colaboraci\u00f3n para conectar l\u00edderes del mundo acad\u00e9mico, startups y empresas biotecnol\u00f3gicas en expansi\u00f3n con compa\u00f1\u00edas farmac\u00e9uticas e inversores. Seg\u00fan sus organizadores, \u201ces un foro inigualable para que empresas de toda la cadena de valor de la biotecnolog\u00eda se re\u00fanan y hagan negocios\u201d. Es el lugar ideal para visibilizar el sector, captar financiaci\u00f3n extranjera y explorar colaboraciones estrat\u00e9gicas.<\/p>\n<p style=\"text-align: justify;\">Bioga promocionar\u00e1 al ecosistema gallego a trav\u00e9s de un stand propio del que formar\u00e1n parte las empresas CZ Vaccines, GalChimia y DIVERSA Technologies. Adem\u00e1s, en el stand tambi\u00e9n estar\u00e1 representado ABIOINNOVA, socio estrat\u00e9gico del cl\u00faster que forma parte del proyecto IberoBio, una iniciativa clave que tiene como objetivo consolidar, posicionar e internacionalizar el sector biotecnol\u00f3gico ib\u00e9rico transfronterizo.<\/p>\n<p style=\"text-align: justify;\">Por otra parte, Bioga particip\u00f3 el pasado 12 de marzo en una mesa redonda sobre buenas pr\u00e1cticas y la importancia de la colaboraci\u00f3n estrat\u00e9gica entre biorregiones en la X IBioIC Annual Conference, celebrada en Glasgow, Escocia. El Industrial Biotechnology Innovation Centre (IBioIC) es un socio estrat\u00e9gico para el ecosistema biotecnol\u00f3gico gallego en Reino Unido, que conecta la industria, el mundo acad\u00e9mico y la administraci\u00f3n p\u00fablica para llevar los procesos y productos biotecnol\u00f3gicos al mercado global.<\/p>\n<p style=\"text-align: justify;\">La apuesta por la internacionalizaci\u00f3n es clave para promover el intercambio de conocimiento y las ventas en el exterior de las empresas gallegas. Es una de las prioridades de la Estrategia de Consolidaci\u00f3n del Sector Biotecnol\u00f3gico de Galicia 2021-2025, impulsada por la Xunta.<\/p>\n<h6 style=\"text-align: justify;\">+ info : www.bioga.org y Bio-Europe Spring 2025. Gabinete Prensa de Bioga: 679.486.961<\/h6>\n","protected":false},"excerpt":{"rendered":"<p>El Cl\u00faster Tecnol\u00f3xico Empresarial das Ciencias da Vida (Bioga) tambi\u00e9n particip\u00f3 en marzo en una mesa redonda sobre la colaboraci\u00f3n estrat\u00e9gica&#8230;<\/p>\n","protected":false},"author":2,"featured_media":7152,"comment_status":"closed","ping_status":"closed","sticky":false,"template":"","format":"standard","meta":{"footnotes":"","_links_to":"","_links_to_target":""},"categories":[1],"tags":[],"class_list":["post-7151","post","type-post","status-publish","format-standard","has-post-thumbnail","hentry","category-sin-categorizar"],"yoast_head":"<!-- This site is optimized with the Yoast SEO plugin v27.5 - https:\/\/yoast.com\/product\/yoast-seo-wordpress\/ -->\n<title>El ecosistema biotech de Galicia, representado por Bioga, acude a Bio-Europe Spring 2025, en Mil\u00e1n del 17 al 19 de marzo, para reforzar su apuesta por la internacionalizaci\u00f3n | Bioga<\/title>\n<meta name=\"description\" content=\"Bioga es el Cluster Tecnol\u00f3xico Empresarial das Ciencias da Vida de Galicia. La voz de la industria Biotech Gallega.\" \/>\n<meta name=\"robots\" content=\"index, follow, max-snippet:-1, max-image-preview:large, max-video-preview:-1\" \/>\n<link rel=\"canonical\" href=\"https:\/\/www.bioga.org\/en\/el-ecosistema-biotech-de-galicia-representado-por-bioga-acude-a-bio-europe-spring-2025-en-milan-del-17-al-19-de-marzo-para-reforzar-su-apuesta-por-la-internacionalizacion\/\" \/>\n<meta property=\"og:locale\" content=\"en_US\" \/>\n<meta property=\"og:type\" content=\"article\" \/>\n<meta property=\"og:title\" content=\"El ecosistema biotech de Galicia, representado por Bioga, acude a Bio-Europe Spring 2025, en Mil\u00e1n del 17 al 19 de marzo, para reforzar su apuesta por la internacionalizaci\u00f3n | Bioga\" \/>\n<meta property=\"og:description\" content=\"Bioga es el Cluster Tecnol\u00f3xico Empresarial das Ciencias da Vida de Galicia. La voz de la industria Biotech Gallega.\" \/>\n<meta property=\"og:url\" content=\"https:\/\/www.bioga.org\/en\/el-ecosistema-biotech-de-galicia-representado-por-bioga-acude-a-bio-europe-spring-2025-en-milan-del-17-al-19-de-marzo-para-reforzar-su-apuesta-por-la-internacionalizacion\/\" \/>\n<meta property=\"og:site_name\" content=\"Bioga\" \/>\n<meta property=\"article:publisher\" content=\"https:\/\/www.facebook.com\/BiogaGalicia\/\" \/>\n<meta property=\"article:published_time\" content=\"2025-03-18T22:42:49+00:00\" \/>\n<meta property=\"article:modified_time\" content=\"2025-03-18T22:43:35+00:00\" \/>\n<meta property=\"og:image\" content=\"https:\/\/www.bioga.org\/wp-content\/uploads\/2025\/03\/IMG_20250317_230638-scaled.jpg\" \/>\n\t<meta property=\"og:image:width\" content=\"2560\" \/>\n\t<meta property=\"og:image:height\" content=\"1634\" \/>\n\t<meta property=\"og:image:type\" content=\"image\/jpeg\" \/>\n<meta name=\"author\" content=\"Pablo\" \/>\n<meta name=\"twitter:card\" content=\"summary_large_image\" \/>\n<meta name=\"twitter:creator\" content=\"@BiogaGalicia\" \/>\n<meta name=\"twitter:site\" content=\"@BiogaGalicia\" \/>\n<meta name=\"twitter:label1\" content=\"Written by\" \/>\n\t<meta name=\"twitter:data1\" content=\"Pablo\" \/>\n\t<meta name=\"twitter:label2\" content=\"Est. reading time\" \/>\n\t<meta name=\"twitter:data2\" content=\"3 minutes\" \/>\n<script type=\"application\/ld+json\" class=\"yoast-schema-graph\">{\"@context\":\"https:\\\/\\\/schema.org\",\"@graph\":[{\"@type\":\"Article\",\"@id\":\"https:\\\/\\\/www.bioga.org\\\/en\\\/el-ecosistema-biotech-de-galicia-representado-por-bioga-acude-a-bio-europe-spring-2025-en-milan-del-17-al-19-de-marzo-para-reforzar-su-apuesta-por-la-internacionalizacion\\\/#article\",\"isPartOf\":{\"@id\":\"https:\\\/\\\/www.bioga.org\\\/en\\\/el-ecosistema-biotech-de-galicia-representado-por-bioga-acude-a-bio-europe-spring-2025-en-milan-del-17-al-19-de-marzo-para-reforzar-su-apuesta-por-la-internacionalizacion\\\/\"},\"author\":{\"name\":\"Pablo\",\"@id\":\"https:\\\/\\\/www.bioga.org\\\/#\\\/schema\\\/person\\\/329607fc4a5332a03f861ca5291c1590\"},\"headline\":\"El ecosistema biotech de Galicia, representado por Bioga, acude a Bio-Europe Spring 2025, en Mil\u00e1n del 17 al 19 de marzo, para reforzar su apuesta por la internacionalizaci\u00f3n\",\"datePublished\":\"2025-03-18T22:42:49+00:00\",\"dateModified\":\"2025-03-18T22:43:35+00:00\",\"mainEntityOfPage\":{\"@id\":\"https:\\\/\\\/www.bioga.org\\\/en\\\/el-ecosistema-biotech-de-galicia-representado-por-bioga-acude-a-bio-europe-spring-2025-en-milan-del-17-al-19-de-marzo-para-reforzar-su-apuesta-por-la-internacionalizacion\\\/\"},\"wordCount\":585,\"publisher\":{\"@id\":\"https:\\\/\\\/www.bioga.org\\\/#organization\"},\"image\":{\"@id\":\"https:\\\/\\\/www.bioga.org\\\/en\\\/el-ecosistema-biotech-de-galicia-representado-por-bioga-acude-a-bio-europe-spring-2025-en-milan-del-17-al-19-de-marzo-para-reforzar-su-apuesta-por-la-internacionalizacion\\\/#primaryimage\"},\"thumbnailUrl\":\"https:\\\/\\\/www.bioga.org\\\/wp-content\\\/uploads\\\/2025\\\/03\\\/IMG_20250317_230638-scaled.jpg\",\"articleSection\":[\"Sin categorizar\"],\"inLanguage\":\"en-US\"},{\"@type\":\"WebPage\",\"@id\":\"https:\\\/\\\/www.bioga.org\\\/en\\\/el-ecosistema-biotech-de-galicia-representado-por-bioga-acude-a-bio-europe-spring-2025-en-milan-del-17-al-19-de-marzo-para-reforzar-su-apuesta-por-la-internacionalizacion\\\/\",\"url\":\"https:\\\/\\\/www.bioga.org\\\/en\\\/el-ecosistema-biotech-de-galicia-representado-por-bioga-acude-a-bio-europe-spring-2025-en-milan-del-17-al-19-de-marzo-para-reforzar-su-apuesta-por-la-internacionalizacion\\\/\",\"name\":\"El ecosistema biotech de Galicia, representado por Bioga, acude a Bio-Europe Spring 2025, en Mil\u00e1n del 17 al 19 de marzo, para reforzar su apuesta por la internacionalizaci\u00f3n | Bioga\",\"isPartOf\":{\"@id\":\"https:\\\/\\\/www.bioga.org\\\/#website\"},\"primaryImageOfPage\":{\"@id\":\"https:\\\/\\\/www.bioga.org\\\/en\\\/el-ecosistema-biotech-de-galicia-representado-por-bioga-acude-a-bio-europe-spring-2025-en-milan-del-17-al-19-de-marzo-para-reforzar-su-apuesta-por-la-internacionalizacion\\\/#primaryimage\"},\"image\":{\"@id\":\"https:\\\/\\\/www.bioga.org\\\/en\\\/el-ecosistema-biotech-de-galicia-representado-por-bioga-acude-a-bio-europe-spring-2025-en-milan-del-17-al-19-de-marzo-para-reforzar-su-apuesta-por-la-internacionalizacion\\\/#primaryimage\"},\"thumbnailUrl\":\"https:\\\/\\\/www.bioga.org\\\/wp-content\\\/uploads\\\/2025\\\/03\\\/IMG_20250317_230638-scaled.jpg\",\"datePublished\":\"2025-03-18T22:42:49+00:00\",\"dateModified\":\"2025-03-18T22:43:35+00:00\",\"description\":\"Bioga es el Cluster Tecnol\u00f3xico Empresarial das Ciencias da Vida de Galicia. La voz de la industria Biotech Gallega.\",\"breadcrumb\":{\"@id\":\"https:\\\/\\\/www.bioga.org\\\/en\\\/el-ecosistema-biotech-de-galicia-representado-por-bioga-acude-a-bio-europe-spring-2025-en-milan-del-17-al-19-de-marzo-para-reforzar-su-apuesta-por-la-internacionalizacion\\\/#breadcrumb\"},\"inLanguage\":\"en-US\",\"potentialAction\":[{\"@type\":\"ReadAction\",\"target\":[\"https:\\\/\\\/www.bioga.org\\\/en\\\/el-ecosistema-biotech-de-galicia-representado-por-bioga-acude-a-bio-europe-spring-2025-en-milan-del-17-al-19-de-marzo-para-reforzar-su-apuesta-por-la-internacionalizacion\\\/\"]}]},{\"@type\":\"ImageObject\",\"inLanguage\":\"en-US\",\"@id\":\"https:\\\/\\\/www.bioga.org\\\/en\\\/el-ecosistema-biotech-de-galicia-representado-por-bioga-acude-a-bio-europe-spring-2025-en-milan-del-17-al-19-de-marzo-para-reforzar-su-apuesta-por-la-internacionalizacion\\\/#primaryimage\",\"url\":\"https:\\\/\\\/www.bioga.org\\\/wp-content\\\/uploads\\\/2025\\\/03\\\/IMG_20250317_230638-scaled.jpg\",\"contentUrl\":\"https:\\\/\\\/www.bioga.org\\\/wp-content\\\/uploads\\\/2025\\\/03\\\/IMG_20250317_230638-scaled.jpg\",\"width\":2560,\"height\":1634,\"caption\":\"Oplus_131074\"},{\"@type\":\"BreadcrumbList\",\"@id\":\"https:\\\/\\\/www.bioga.org\\\/en\\\/el-ecosistema-biotech-de-galicia-representado-por-bioga-acude-a-bio-europe-spring-2025-en-milan-del-17-al-19-de-marzo-para-reforzar-su-apuesta-por-la-internacionalizacion\\\/#breadcrumb\",\"itemListElement\":[{\"@type\":\"ListItem\",\"position\":1,\"name\":\"Home\",\"item\":\"https:\\\/\\\/www.bioga.org\\\/en\\\/\"},{\"@type\":\"ListItem\",\"position\":2,\"name\":\"El ecosistema biotech de Galicia, representado por Bioga, acude a Bio-Europe Spring 2025, en Mil\u00e1n del 17 al 19 de marzo, para reforzar su apuesta por la internacionalizaci\u00f3n\"}]},{\"@type\":\"WebSite\",\"@id\":\"https:\\\/\\\/www.bioga.org\\\/#website\",\"url\":\"https:\\\/\\\/www.bioga.org\\\/\",\"name\":\"Bioga\",\"description\":\"Cl\u00faster Tecnol\u00f3xico Empresarial das Ciencias da Vida\",\"publisher\":{\"@id\":\"https:\\\/\\\/www.bioga.org\\\/#organization\"},\"potentialAction\":[{\"@type\":\"SearchAction\",\"target\":{\"@type\":\"EntryPoint\",\"urlTemplate\":\"https:\\\/\\\/www.bioga.org\\\/?s={search_term_string}\"},\"query-input\":{\"@type\":\"PropertyValueSpecification\",\"valueRequired\":true,\"valueName\":\"search_term_string\"}}],\"inLanguage\":\"en-US\"},{\"@type\":\"Organization\",\"@id\":\"https:\\\/\\\/www.bioga.org\\\/#organization\",\"name\":\"Bioga\",\"url\":\"https:\\\/\\\/www.bioga.org\\\/\",\"logo\":{\"@type\":\"ImageObject\",\"inLanguage\":\"en-US\",\"@id\":\"https:\\\/\\\/www.bioga.org\\\/#\\\/schema\\\/logo\\\/image\\\/\",\"url\":\"https:\\\/\\\/www.bioga.org\\\/wp-content\\\/uploads\\\/2022\\\/06\\\/bioga-logo-color-lg.svg\",\"contentUrl\":\"https:\\\/\\\/www.bioga.org\\\/wp-content\\\/uploads\\\/2022\\\/06\\\/bioga-logo-color-lg.svg\",\"width\":121,\"height\":41,\"caption\":\"Bioga\"},\"image\":{\"@id\":\"https:\\\/\\\/www.bioga.org\\\/#\\\/schema\\\/logo\\\/image\\\/\"},\"sameAs\":[\"https:\\\/\\\/www.facebook.com\\\/BiogaGalicia\\\/\",\"https:\\\/\\\/x.com\\\/BiogaGalicia\",\"https:\\\/\\\/www.linkedin.com\\\/company\\\/\",\"https:\\\/\\\/www.instagram.com\\\/biogagalicia\\\/\"]},{\"@type\":\"Person\",\"@id\":\"https:\\\/\\\/www.bioga.org\\\/#\\\/schema\\\/person\\\/329607fc4a5332a03f861ca5291c1590\",\"name\":\"Pablo\",\"image\":{\"@type\":\"ImageObject\",\"inLanguage\":\"en-US\",\"@id\":\"https:\\\/\\\/secure.gravatar.com\\\/avatar\\\/6eaa8ed352536531f3d41b0c8940e7337b6d2e0e2d4da947d5699b284309bb0d?s=96&d=mm&r=g\",\"url\":\"https:\\\/\\\/secure.gravatar.com\\\/avatar\\\/6eaa8ed352536531f3d41b0c8940e7337b6d2e0e2d4da947d5699b284309bb0d?s=96&d=mm&r=g\",\"contentUrl\":\"https:\\\/\\\/secure.gravatar.com\\\/avatar\\\/6eaa8ed352536531f3d41b0c8940e7337b6d2e0e2d4da947d5699b284309bb0d?s=96&d=mm&r=g\",\"caption\":\"Pablo\"},\"url\":\"https:\\\/\\\/www.bioga.org\\\/en\\\/author\\\/pablobioga-org\\\/\"}]}<\/script>\n<!-- \/ Yoast SEO plugin. -->","yoast_head_json":{"title":"El ecosistema biotech de Galicia, representado por Bioga, acude a Bio-Europe Spring 2025, en Mil\u00e1n del 17 al 19 de marzo, para reforzar su apuesta por la internacionalizaci\u00f3n | Bioga","description":"Bioga es el Cluster Tecnol\u00f3xico Empresarial das Ciencias da Vida de Galicia. La voz de la industria Biotech Gallega.","robots":{"index":"index","follow":"follow","max-snippet":"max-snippet:-1","max-image-preview":"max-image-preview:large","max-video-preview":"max-video-preview:-1"},"canonical":"https:\/\/www.bioga.org\/en\/el-ecosistema-biotech-de-galicia-representado-por-bioga-acude-a-bio-europe-spring-2025-en-milan-del-17-al-19-de-marzo-para-reforzar-su-apuesta-por-la-internacionalizacion\/","og_locale":"en_US","og_type":"article","og_title":"El ecosistema biotech de Galicia, representado por Bioga, acude a Bio-Europe Spring 2025, en Mil\u00e1n del 17 al 19 de marzo, para reforzar su apuesta por la internacionalizaci\u00f3n | Bioga","og_description":"Bioga es el Cluster Tecnol\u00f3xico Empresarial das Ciencias da Vida de Galicia. La voz de la industria Biotech Gallega.","og_url":"https:\/\/www.bioga.org\/en\/el-ecosistema-biotech-de-galicia-representado-por-bioga-acude-a-bio-europe-spring-2025-en-milan-del-17-al-19-de-marzo-para-reforzar-su-apuesta-por-la-internacionalizacion\/","og_site_name":"Bioga","article_publisher":"https:\/\/www.facebook.com\/BiogaGalicia\/","article_published_time":"2025-03-18T22:42:49+00:00","article_modified_time":"2025-03-18T22:43:35+00:00","og_image":[{"width":2560,"height":1634,"url":"https:\/\/www.bioga.org\/wp-content\/uploads\/2025\/03\/IMG_20250317_230638-scaled.jpg","type":"image\/jpeg"}],"author":"Pablo","twitter_card":"summary_large_image","twitter_creator":"@BiogaGalicia","twitter_site":"@BiogaGalicia","twitter_misc":{"Written by":"Pablo","Est. reading time":"3 minutes"},"schema":{"@context":"https:\/\/schema.org","@graph":[{"@type":"Article","@id":"https:\/\/www.bioga.org\/en\/el-ecosistema-biotech-de-galicia-representado-por-bioga-acude-a-bio-europe-spring-2025-en-milan-del-17-al-19-de-marzo-para-reforzar-su-apuesta-por-la-internacionalizacion\/#article","isPartOf":{"@id":"https:\/\/www.bioga.org\/en\/el-ecosistema-biotech-de-galicia-representado-por-bioga-acude-a-bio-europe-spring-2025-en-milan-del-17-al-19-de-marzo-para-reforzar-su-apuesta-por-la-internacionalizacion\/"},"author":{"name":"Pablo","@id":"https:\/\/www.bioga.org\/#\/schema\/person\/329607fc4a5332a03f861ca5291c1590"},"headline":"El ecosistema biotech de Galicia, representado por Bioga, acude a Bio-Europe Spring 2025, en Mil\u00e1n del 17 al 19 de marzo, para reforzar su apuesta por la internacionalizaci\u00f3n","datePublished":"2025-03-18T22:42:49+00:00","dateModified":"2025-03-18T22:43:35+00:00","mainEntityOfPage":{"@id":"https:\/\/www.bioga.org\/en\/el-ecosistema-biotech-de-galicia-representado-por-bioga-acude-a-bio-europe-spring-2025-en-milan-del-17-al-19-de-marzo-para-reforzar-su-apuesta-por-la-internacionalizacion\/"},"wordCount":585,"publisher":{"@id":"https:\/\/www.bioga.org\/#organization"},"image":{"@id":"https:\/\/www.bioga.org\/en\/el-ecosistema-biotech-de-galicia-representado-por-bioga-acude-a-bio-europe-spring-2025-en-milan-del-17-al-19-de-marzo-para-reforzar-su-apuesta-por-la-internacionalizacion\/#primaryimage"},"thumbnailUrl":"https:\/\/www.bioga.org\/wp-content\/uploads\/2025\/03\/IMG_20250317_230638-scaled.jpg","articleSection":["Sin categorizar"],"inLanguage":"en-US"},{"@type":"WebPage","@id":"https:\/\/www.bioga.org\/en\/el-ecosistema-biotech-de-galicia-representado-por-bioga-acude-a-bio-europe-spring-2025-en-milan-del-17-al-19-de-marzo-para-reforzar-su-apuesta-por-la-internacionalizacion\/","url":"https:\/\/www.bioga.org\/en\/el-ecosistema-biotech-de-galicia-representado-por-bioga-acude-a-bio-europe-spring-2025-en-milan-del-17-al-19-de-marzo-para-reforzar-su-apuesta-por-la-internacionalizacion\/","name":"El ecosistema biotech de Galicia, representado por Bioga, acude a Bio-Europe Spring 2025, en Mil\u00e1n del 17 al 19 de marzo, para reforzar su apuesta por la internacionalizaci\u00f3n | Bioga","isPartOf":{"@id":"https:\/\/www.bioga.org\/#website"},"primaryImageOfPage":{"@id":"https:\/\/www.bioga.org\/en\/el-ecosistema-biotech-de-galicia-representado-por-bioga-acude-a-bio-europe-spring-2025-en-milan-del-17-al-19-de-marzo-para-reforzar-su-apuesta-por-la-internacionalizacion\/#primaryimage"},"image":{"@id":"https:\/\/www.bioga.org\/en\/el-ecosistema-biotech-de-galicia-representado-por-bioga-acude-a-bio-europe-spring-2025-en-milan-del-17-al-19-de-marzo-para-reforzar-su-apuesta-por-la-internacionalizacion\/#primaryimage"},"thumbnailUrl":"https:\/\/www.bioga.org\/wp-content\/uploads\/2025\/03\/IMG_20250317_230638-scaled.jpg","datePublished":"2025-03-18T22:42:49+00:00","dateModified":"2025-03-18T22:43:35+00:00","description":"Bioga es el Cluster Tecnol\u00f3xico Empresarial das Ciencias da Vida de Galicia. La voz de la industria Biotech Gallega.","breadcrumb":{"@id":"https:\/\/www.bioga.org\/en\/el-ecosistema-biotech-de-galicia-representado-por-bioga-acude-a-bio-europe-spring-2025-en-milan-del-17-al-19-de-marzo-para-reforzar-su-apuesta-por-la-internacionalizacion\/#breadcrumb"},"inLanguage":"en-US","potentialAction":[{"@type":"ReadAction","target":["https:\/\/www.bioga.org\/en\/el-ecosistema-biotech-de-galicia-representado-por-bioga-acude-a-bio-europe-spring-2025-en-milan-del-17-al-19-de-marzo-para-reforzar-su-apuesta-por-la-internacionalizacion\/"]}]},{"@type":"ImageObject","inLanguage":"en-US","@id":"https:\/\/www.bioga.org\/en\/el-ecosistema-biotech-de-galicia-representado-por-bioga-acude-a-bio-europe-spring-2025-en-milan-del-17-al-19-de-marzo-para-reforzar-su-apuesta-por-la-internacionalizacion\/#primaryimage","url":"https:\/\/www.bioga.org\/wp-content\/uploads\/2025\/03\/IMG_20250317_230638-scaled.jpg","contentUrl":"https:\/\/www.bioga.org\/wp-content\/uploads\/2025\/03\/IMG_20250317_230638-scaled.jpg","width":2560,"height":1634,"caption":"Oplus_131074"},{"@type":"BreadcrumbList","@id":"https:\/\/www.bioga.org\/en\/el-ecosistema-biotech-de-galicia-representado-por-bioga-acude-a-bio-europe-spring-2025-en-milan-del-17-al-19-de-marzo-para-reforzar-su-apuesta-por-la-internacionalizacion\/#breadcrumb","itemListElement":[{"@type":"ListItem","position":1,"name":"Home","item":"https:\/\/www.bioga.org\/en\/"},{"@type":"ListItem","position":2,"name":"El ecosistema biotech de Galicia, representado por Bioga, acude a Bio-Europe Spring 2025, en Mil\u00e1n del 17 al 19 de marzo, para reforzar su apuesta por la internacionalizaci\u00f3n"}]},{"@type":"WebSite","@id":"https:\/\/www.bioga.org\/#website","url":"https:\/\/www.bioga.org\/","name":"Bioga","description":"Cl\u00faster Tecnol\u00f3xico Empresarial das Ciencias da Vida","publisher":{"@id":"https:\/\/www.bioga.org\/#organization"},"potentialAction":[{"@type":"SearchAction","target":{"@type":"EntryPoint","urlTemplate":"https:\/\/www.bioga.org\/?s={search_term_string}"},"query-input":{"@type":"PropertyValueSpecification","valueRequired":true,"valueName":"search_term_string"}}],"inLanguage":"en-US"},{"@type":"Organization","@id":"https:\/\/www.bioga.org\/#organization","name":"Bioga","url":"https:\/\/www.bioga.org\/","logo":{"@type":"ImageObject","inLanguage":"en-US","@id":"https:\/\/www.bioga.org\/#\/schema\/logo\/image\/","url":"https:\/\/www.bioga.org\/wp-content\/uploads\/2022\/06\/bioga-logo-color-lg.svg","contentUrl":"https:\/\/www.bioga.org\/wp-content\/uploads\/2022\/06\/bioga-logo-color-lg.svg","width":121,"height":41,"caption":"Bioga"},"image":{"@id":"https:\/\/www.bioga.org\/#\/schema\/logo\/image\/"},"sameAs":["https:\/\/www.facebook.com\/BiogaGalicia\/","https:\/\/x.com\/BiogaGalicia","https:\/\/www.linkedin.com\/company\/","https:\/\/www.instagram.com\/biogagalicia\/"]},{"@type":"Person","@id":"https:\/\/www.bioga.org\/#\/schema\/person\/329607fc4a5332a03f861ca5291c1590","name":"Pablo","image":{"@type":"ImageObject","inLanguage":"en-US","@id":"https:\/\/secure.gravatar.com\/avatar\/6eaa8ed352536531f3d41b0c8940e7337b6d2e0e2d4da947d5699b284309bb0d?s=96&d=mm&r=g","url":"https:\/\/secure.gravatar.com\/avatar\/6eaa8ed352536531f3d41b0c8940e7337b6d2e0e2d4da947d5699b284309bb0d?s=96&d=mm&r=g","contentUrl":"https:\/\/secure.gravatar.com\/avatar\/6eaa8ed352536531f3d41b0c8940e7337b6d2e0e2d4da947d5699b284309bb0d?s=96&d=mm&r=g","caption":"Pablo"},"url":"https:\/\/www.bioga.org\/en\/author\/pablobioga-org\/"}]}},"_links":{"self":[{"href":"https:\/\/www.bioga.org\/en\/wp-json\/wp\/v2\/posts\/7151","targetHints":{"allow":["GET"]}}],"collection":[{"href":"https:\/\/www.bioga.org\/en\/wp-json\/wp\/v2\/posts"}],"about":[{"href":"https:\/\/www.bioga.org\/en\/wp-json\/wp\/v2\/types\/post"}],"author":[{"embeddable":true,"href":"https:\/\/www.bioga.org\/en\/wp-json\/wp\/v2\/users\/2"}],"replies":[{"embeddable":true,"href":"https:\/\/www.bioga.org\/en\/wp-json\/wp\/v2\/comments?post=7151"}],"version-history":[{"count":1,"href":"https:\/\/www.bioga.org\/en\/wp-json\/wp\/v2\/posts\/7151\/revisions"}],"predecessor-version":[{"id":7155,"href":"https:\/\/www.bioga.org\/en\/wp-json\/wp\/v2\/posts\/7151\/revisions\/7155"}],"wp:featuredmedia":[{"embeddable":true,"href":"https:\/\/www.bioga.org\/en\/wp-json\/wp\/v2\/media\/7152"}],"wp:attachment":[{"href":"https:\/\/www.bioga.org\/en\/wp-json\/wp\/v2\/media?parent=7151"}],"wp:term":[{"taxonomy":"category","embeddable":true,"href":"https:\/\/www.bioga.org\/en\/wp-json\/wp\/v2\/categories?post=7151"},{"taxonomy":"post_tag","embeddable":true,"href":"https:\/\/www.bioga.org\/en\/wp-json\/wp\/v2\/tags?post=7151"}],"curies":[{"name":"wp","href":"https:\/\/api.w.org\/{rel}","templated":true}]}}