{"id":6149,"date":"2024-06-04T19:42:55","date_gmt":"2024-06-04T17:42:55","guid":{"rendered":"https:\/\/www.bioga.org\/?p=6149"},"modified":"2024-06-04T19:50:29","modified_gmt":"2024-06-04T17:50:29","slug":"vigo-capital-of-biotechnology","status":"publish","type":"post","link":"https:\/\/www.bioga.org\/en\/vigo-capital-of-biotechnology\/","title":{"rendered":"Vigo, capital of biotechnology"},"content":{"rendered":"<h6 style=\"text-align: justify;\"><b>Galicia Biodays&#8217;, the reference forum for the biotech industry in the European Atlantic Area, organized by Bioga, will be held in Vigo on June 12th and 13th.<\/b><\/h6>\n<h6 style=\"text-align: justify;\"><b>The international meeting will receive more than 1,000 attendees and has already scheduled 600 meetings for life sciences sector players to generate business and develop new projects.<\/b><\/h6>\n<p style=\"text-align: justify;\"><strong>Vigo is the capital of biotechnology<\/strong>. &#8220;And it is so because this city and its surroundings have an indisputable entrepreneurial and industrial character, here were born and developed some of the most relevant biotechnology projects of the national scene and also here the hybridization between biotechnology and other strategic sectors happens naturally&#8221;. This is highlighted by Jos\u00e9 Manuel L\u00f3pez Vilari\u00f1o, president of the Cl\u00faster Tecnol\u00f3xico Empresarial das Ciencias da Vida (Bioga). In addition, <strong>Vigo reaffirms this biotechnology capital by hosting Galicia Biodays, the reference forum for the biotechnology and Life Sciences industry in the European Atlantic Area organized by Bioga<\/strong><strong>, at the Mar de Vigo Auditorium on June 12 and 13.<\/strong> &#8220;Vigo and Galicia Biodays will generate an ideal environment for the biotechnology sector to establish contacts and synergies, generate business, develop new projects and get in touch with investors and customers,&#8221; said Jos\u00e9 Manuel L\u00f3pez Vilari\u00f1o during the presentation of Galicia Biodays today in the auditorium of the Consorcio de la Zona Franca de Vigo. The presentation ceremony was attended by the Mayor of Vigo, Abel Caballero; the Regional Minister of Education, Science, Universities and Vocational Training, Rom\u00e1n Rodr\u00edguez; and the State delegate in the Vigo Free Trade Zone Consortium, David Regades.<\/p>\n<h6 style=\"text-align: justify;\">Galicia Biodays focuses on the Galician community, one of the leading areas in bioentrepreneurship<\/h6>\n<p style=\"text-align: justify;\">It leads, for example, strategic areas for biotechnology such as drug development, functional food, personalized medicine or marine resources. The biotech event in Vigo will address, among others, issues such as drug development, innovation in food and cosmetics, entrepreneurship and financing of strategic projects and internationalization. Also, <strong>in Vigo will be carried out a reverse trade mission with reference bioregions such as Canada, Portugal, France, United Kingdom, Italy, Japan, India and Morocco.<\/strong> This delegation will also know the laboratories of Porto do Molle, which promotes Consorcio Zona Franca de Vigo, and facilities of reference companies in the area of Vigo and O Porri\u00f1o.<\/p>\n<h6 style=\"text-align: justify;\">Bioga highlights support to Galicia Biodays from entities and institutions<\/h6>\n<p style=\"text-align: justify;\">And it values the support of firms and entities such as Zendal, Xunta de Galicia, Consorcio de la Zona Franca de Vigo and Inventium (platinum sponsors); Promega, Mestrelab Research, Lonza, Universidade da Coru\u00f1a, Universidade de Santiago and Servitalent (gold sponsors); AMSlab Group; CaiXabank\/DayOne,Paralab Bio, FI Group, Universidade de Vigo, AINIA, Endress+Hauser, Anfaco-Cecopesca, CETIM, ILC Dover and Agilent (silver sponsors). <strong><span style=\"font-size: 1rem;\">Collaborators include EDIH DATAlife, Ibero Bio and Concello de Vigo<\/span><span style=\"font-size: 1rem;\">.<\/span><\/strong>.<\/p>\n<h6 style=\"text-align: justify;\">What does Galicia Biodays offer?<\/h6>\n<p style=\"text-align: justify;\">It is an event for businessmen, managers, entrepreneurs, investors, researchers, academics and public administrations who want to learn about new business models, experiences to develop and implement in their companies and current trends in biotechnological innovation. The event also promotes networking and business generation. <strong>More than 600 <i>one-to-one<\/i> meetings are planned. And this meeting, for example, will be attended by representatives of large corporations<\/strong> such as Total Energies-Corbion, Almirall, Cantabria Labs, Vicky Foods and Faes Farma. They are multinationals that put their focus, their point of view in Galicia.<\/p>\n<p style=\"text-align: justify;\"><strong>The biotechnology sector event will attract more than 1,000 attendees<\/strong> national and international<strong>and more than 80 speakers<\/strong> . <strong>And more than 80 speakers<\/strong> of reference in the world of biotechnology. There will be, among others, <strong>Yves P. Auberso<\/strong>n, executive director of Global Discovery Chemistry at Novartis; <strong>Joaqu\u00edn del R\u00edo<\/strong>, director of Innovation and Quality at Vicky Foods; <strong>Andr\u00e9s Fern\u00e1ndez<\/strong>; director of Zendal; <strong>David Regades<\/strong>, State delegate in the Vigo Free Trade Zone Consortium (CZFV); <strong>Luis Serrano Pubul<\/strong>, director of the Center for Genomic Regulation (CRG); <strong>Isabel Amat<\/strong>, global director of Innovation and Project Management at Reig Jofre; <strong>Bego\u00f1a P\u00e9rez Villareal<\/strong>, director of EIT Food South; <strong>Jenifer Mitj\u00e0<\/strong>, Bioplastics\/PLA Applications specialist at Total Energies Corbi\u00f3n; <strong>Nuria Morales<\/strong>, co-founder of Komvida; <strong>Thal\u00eda Gonz\u00e1lez<\/strong>, head of Cosmetic Innovation at Cantabria Labs.<\/p>\n<p style=\"text-align: justify;\">Institutional representatives will include <strong>Teresa Riesgo<\/strong>, secretary general for Innovation of the Ministry of Science, Innovation and Universities; <strong>Raquel Yotti<\/strong>, commissioner for Strategic Projects for Economic Recovery and Transformation (PERTE) for Vanguard Health of the Ministry of Science, Innovation and Universities; <strong>Jordi Carbonell<\/strong>, commissioner for the Agri-Food PERTE of the Ministry of Industry and Tourism; and <strong>Alex Dorado N\u00e1jera<\/strong>, commissioner for the Circular Economy of the Ministry for Ecological Transition and the Demographic Challenge.<\/p>\n<p style=\"text-align: justify;\">For their part, <strong>the three universities of Galicia (Universidade de Santiago de Compostela, Universidade da Coru\u00f1a and Universidade de Vigo) will also be present to promote the transfer of knowledge<\/strong> and the generation of new cutting-edge projects that place Galicia at the forefront. Biotechnological innovation has an impact on strategic economic sectors for Galicia, such as agri-food, health, cosmetics and marine. Galicia Biodays managed to attract leading entities in these fields to develop business and collaborative projects.<\/p>\n<p style=\"text-align: justify;\">Within the framework of Galicia Biodays, the <a href=\"https:\/\/bioinvestor.bioga.org\/\">X Bio Investor Program<\/a> will be held, in which 32 projects seeking funding will participate. In front of them they will have 25 entities or investment funds. Bioga and DATAlife join forces to attract the main national investors in the biotech field and related sectors, which complement existing initiatives in Galicia to invest in science driven by Unirisco or Bio&amp;Tech Smart Capital.<\/p>\n<p style=\"text-align: justify;\">Galicia Biodays will also host the <a href=\"https:\/\/www.galiciabiodays.com\/es\/biotalent-program\/\"><b>II BioTalent Program<\/b><\/a>. There will participate more than 100 profiles in search of a professional opportunity and more than twelve Galician biotech companies with active processes to incorporate talent to their organizations. They will try to promote and put into practice the connection between the demand and supply of employment and favor the retention and attraction of talent.<\/p>\n<h6 style=\"text-align: justify;\">About Galicia and biotechnology<\/h6>\n<p style=\"text-align: justify;\">Galicia has an innovative and cutting-edge biotechnology industry, with international and innovative <i>startups<\/i> that develop cutting-edge products and services, a favorable scenario to promote the generation of new innovations and the implementation of business opportunities. The Galician ecosystem is made up of <strong>160 biotechnology companies<\/strong>, represented through the Cl\u00faster Tecnol\u00f3xico Empresarial das Ciencias da Vida, which register <strong>an annual turnover of more than 1,400 million euros<\/strong>, assume each year <strong>an investment in Innovation and Development (R&amp;D) of more than 115 million euros<\/strong> and generate <strong>5.The Galician biotechnology sector has the Galician Biotechnology Sector Consolidation Strategy 2021-2025 as a central element and backbone of the biotechnology ecosystem around the productive business fabric.<\/strong><\/p>\n<p style=\"text-align: justify;\">+ info:\u00a0<a href=\"http:\/\/www.bioga.org\/\">www.bioga.org<\/a><br \/>\nBioga Press Office: 679.486.961<\/p>\n<hr \/>\n<p><strong>For<a href=\"https:\/\/www.bioga.org\/\">\u00a0BIOGA<\/a>, it is a priority to promote intersectoral collaboration between entities and to power networking activities, both national and international. If you want to know more about us, please click the following\u00a0<a href=\"https:\/\/www.bioga.org\/cluster\/\">link<\/a>.<\/strong><\/p>\n<ul>\n<li><a href=\"https:\/\/www.bioga.org\/en\/bioga-joins-acesabio-the-largest-spanish-alliance-in-health-and-biosciences-representing-a-dozen-clusters-and-more-than-1000-entities\/\">Bioga joins ACESABIO, the largest Spanish alliance in health and biosciences representing a dozen clusters and more than 1,000 entities <\/a><\/li>\n<li><a href=\"https:\/\/www.bioga.org\/en\/five-galician-biotechs-attend-swiss-biotech-day-with-bioga-to-explore-ways-of-collaborating-with-the-swiss-biotech-ecosystem\/\">Five Galician biotechs attend \u2018Swiss Biotech Day\u2019 with Bioga to explore ways of collaborating with the Swiss biotech ecosystem<\/a><\/li>\n<li><a href=\"https:\/\/www.bioga.org\/en\/interview-with-jose-manuel-lopez-vilarino-president-of-bioga\/\">\u201cYears ago it was difficult for Galician biotech to attract funds, now they call us\u201d<\/a><\/li>\n<li><a href=\"https:\/\/www.bioga.org\/en\/santiagos-biotechnology-sector-seeks-to-project-itself-abroad-in-order-to-develop-its-full-potential\/\">Santiago\u2019s biotechnology sector seeks to project itself abroad in order to develop its full potential<\/a><\/li>\n<li><a href=\"https:\/\/www.bioga.org\/en\/biotechnology-key-to-the-global-challenge-of-tackling-rare-diseases\/\">Biotechnology, key to the global challenge of tackling rare diseases<\/a><\/li>\n<li><a href=\"https:\/\/www.bioga.org\/en\/vhio-oniria-therapeutics-awarded-e450000-by-the-association-against-cancer-in-the-aecc-impact-category\/\">VHIO Oniria Therapeutics awarded \u20ac450,000 by the Association Against Cancer in the AECC Impact category<\/a><\/li>\n<li><a href=\"https:\/\/www.bioga.org\/en\/hijos-de-rivera-and-blendhub-launch-a-platform-for-bagasse-revaluation\/\">Hijos de Rivera and Blendhub launch a platform for bagasse revaluation<\/a><\/li>\n<li><a href=\"https:\/\/www.bioga.org\/en\/galchimia-the-galician-company-leader-in-synthetic-chemistry\/\">GalChimia, the galician company leader in synthetic chemistry<\/a><\/li>\n<li><a href=\"https:\/\/www.bioga.org\/galchimia-la-empresa-gallega-referente-en-quimica-sintetica\/\">Queizuar is leading one of the main projects on the revalorization of dairy waste<\/a><\/li>\n<li><a href=\"https:\/\/www.bioga.org\/en\/queizuar-will-have-the-first-biogas-self-consumption-plant\/\">Queizuar will have the first biogas self-consumption plant<\/a><\/li>\n<li><a href=\"https:\/\/www.bioga.org\/en\/zendal-focuses-on-the-importance-of-disease-prevention-in-shaping-the-future-of-livestock-farming\/\">Zendal focuses on the importance of disease prevention in shaping the future of livestock farming<\/a><\/li>\n<\/ul>\n","protected":false},"excerpt":{"rendered":"<p>Galicia Biodays&#8217;, the reference forum for the biotech industry in the European Atlantic Area, organized by Bioga, will be held in&#8230;<\/p>\n","protected":false},"author":1,"featured_media":6166,"comment_status":"closed","ping_status":"closed","sticky":false,"template":"","format":"standard","meta":{"footnotes":"","_links_to":"","_links_to_target":""},"categories":[53],"tags":[],"class_list":["post-6149","post","type-post","status-publish","format-standard","has-post-thumbnail","hentry","category-sin-categorizar-en"],"yoast_head":"<!-- This site is optimized with the Yoast SEO plugin v21.7 - https:\/\/yoast.com\/wordpress\/plugins\/seo\/ -->\n<title>Vigo, capital of biotechnology | Bioga<\/title>\n<meta name=\"description\" content=\"Bioga es el Cluster Tecnol\u00f3xico Empresarial das Ciencias da Vida de Galicia. La voz de la industria Biotech Gallega.\" \/>\n<meta name=\"robots\" content=\"index, follow, max-snippet:-1, max-image-preview:large, max-video-preview:-1\" \/>\n<link rel=\"canonical\" href=\"https:\/\/www.bioga.org\/en\/vigo-capital-of-biotechnology\/\" \/>\n<meta property=\"og:locale\" content=\"en_US\" \/>\n<meta property=\"og:type\" content=\"article\" \/>\n<meta property=\"og:title\" content=\"Vigo, capital of biotechnology | Bioga\" \/>\n<meta property=\"og:description\" content=\"Bioga es el Cluster Tecnol\u00f3xico Empresarial das Ciencias da Vida de Galicia. La voz de la industria Biotech Gallega.\" \/>\n<meta property=\"og:url\" content=\"https:\/\/www.bioga.org\/en\/vigo-capital-of-biotechnology\/\" \/>\n<meta property=\"og:site_name\" content=\"Bioga\" \/>\n<meta property=\"article:publisher\" content=\"https:\/\/www.facebook.com\/BiogaGalicia\/\" \/>\n<meta property=\"article:published_time\" content=\"2024-06-04T17:42:55+00:00\" \/>\n<meta property=\"article:modified_time\" content=\"2024-06-04T17:50:29+00:00\" \/>\n<meta property=\"og:image\" content=\"https:\/\/www.bioga.org\/wp-content\/uploads\/2024\/06\/aaaa-scaled.jpg\" \/>\n\t<meta property=\"og:image:width\" content=\"2560\" \/>\n\t<meta property=\"og:image:height\" content=\"1440\" \/>\n\t<meta property=\"og:image:type\" content=\"image\/jpeg\" \/>\n<meta name=\"author\" content=\"biogawp\" \/>\n<meta name=\"twitter:card\" content=\"summary_large_image\" \/>\n<meta name=\"twitter:creator\" content=\"@BiogaGalicia\" \/>\n<meta name=\"twitter:site\" content=\"@BiogaGalicia\" \/>\n<meta name=\"twitter:label1\" content=\"Written by\" \/>\n\t<meta name=\"twitter:data1\" content=\"biogawp\" \/>\n\t<meta name=\"twitter:label2\" content=\"Est. reading time\" \/>\n\t<meta name=\"twitter:data2\" content=\"7 minutes\" \/>\n<script type=\"application\/ld+json\" class=\"yoast-schema-graph\">{\"@context\":\"https:\/\/schema.org\",\"@graph\":[{\"@type\":\"Article\",\"@id\":\"https:\/\/www.bioga.org\/en\/vigo-capital-of-biotechnology\/#article\",\"isPartOf\":{\"@id\":\"https:\/\/www.bioga.org\/en\/vigo-capital-of-biotechnology\/\"},\"author\":{\"name\":\"biogawp\",\"@id\":\"https:\/\/www.bioga.org\/#\/schema\/person\/5b0680f8dc4b86f0940fdca227750c2f\"},\"headline\":\"Vigo, capital of biotechnology\",\"datePublished\":\"2024-06-04T17:42:55+00:00\",\"dateModified\":\"2024-06-04T17:50:29+00:00\",\"mainEntityOfPage\":{\"@id\":\"https:\/\/www.bioga.org\/en\/vigo-capital-of-biotechnology\/\"},\"wordCount\":1284,\"publisher\":{\"@id\":\"https:\/\/www.bioga.org\/#organization\"},\"articleSection\":[\"Sin categorizar\"],\"inLanguage\":\"en-US\"},{\"@type\":\"WebPage\",\"@id\":\"https:\/\/www.bioga.org\/en\/vigo-capital-of-biotechnology\/\",\"url\":\"https:\/\/www.bioga.org\/en\/vigo-capital-of-biotechnology\/\",\"name\":\"Vigo, capital of biotechnology | Bioga\",\"isPartOf\":{\"@id\":\"https:\/\/www.bioga.org\/#website\"},\"datePublished\":\"2024-06-04T17:42:55+00:00\",\"dateModified\":\"2024-06-04T17:50:29+00:00\",\"description\":\"Bioga es el Cluster Tecnol\u00f3xico Empresarial das Ciencias da Vida de Galicia. La voz de la industria Biotech Gallega.\",\"breadcrumb\":{\"@id\":\"https:\/\/www.bioga.org\/en\/vigo-capital-of-biotechnology\/#breadcrumb\"},\"inLanguage\":\"en-US\",\"potentialAction\":[{\"@type\":\"ReadAction\",\"target\":[\"https:\/\/www.bioga.org\/en\/vigo-capital-of-biotechnology\/\"]}]},{\"@type\":\"BreadcrumbList\",\"@id\":\"https:\/\/www.bioga.org\/en\/vigo-capital-of-biotechnology\/#breadcrumb\",\"itemListElement\":[{\"@type\":\"ListItem\",\"position\":1,\"name\":\"Home\",\"item\":\"https:\/\/www.bioga.org\/en\/\"},{\"@type\":\"ListItem\",\"position\":2,\"name\":\"Vigo, capital of biotechnology\"}]},{\"@type\":\"WebSite\",\"@id\":\"https:\/\/www.bioga.org\/#website\",\"url\":\"https:\/\/www.bioga.org\/\",\"name\":\"Bioga\",\"description\":\"Cl\u00faster Tecnol\u00f3xico Empresarial das Ciencias da Vida\",\"publisher\":{\"@id\":\"https:\/\/www.bioga.org\/#organization\"},\"potentialAction\":[{\"@type\":\"SearchAction\",\"target\":{\"@type\":\"EntryPoint\",\"urlTemplate\":\"https:\/\/www.bioga.org\/?s={search_term_string}\"},\"query-input\":\"required name=search_term_string\"}],\"inLanguage\":\"en-US\"},{\"@type\":\"Organization\",\"@id\":\"https:\/\/www.bioga.org\/#organization\",\"name\":\"Bioga\",\"url\":\"https:\/\/www.bioga.org\/\",\"logo\":{\"@type\":\"ImageObject\",\"inLanguage\":\"en-US\",\"@id\":\"https:\/\/www.bioga.org\/#\/schema\/logo\/image\/\",\"url\":\"https:\/\/www.bioga.org\/wp-content\/uploads\/2022\/06\/bioga-logo-color-lg.svg\",\"contentUrl\":\"https:\/\/www.bioga.org\/wp-content\/uploads\/2022\/06\/bioga-logo-color-lg.svg\",\"width\":121,\"height\":41,\"caption\":\"Bioga\"},\"image\":{\"@id\":\"https:\/\/www.bioga.org\/#\/schema\/logo\/image\/\"},\"sameAs\":[\"https:\/\/www.facebook.com\/BiogaGalicia\/\",\"https:\/\/twitter.com\/BiogaGalicia\",\"https:\/\/www.linkedin.com\/company\/\",\"https:\/\/www.instagram.com\/biogagalicia\/\"]},{\"@type\":\"Person\",\"@id\":\"https:\/\/www.bioga.org\/#\/schema\/person\/5b0680f8dc4b86f0940fdca227750c2f\",\"name\":\"biogawp\",\"image\":{\"@type\":\"ImageObject\",\"inLanguage\":\"en-US\",\"@id\":\"https:\/\/www.bioga.org\/#\/schema\/person\/image\/\",\"url\":\"https:\/\/secure.gravatar.com\/avatar\/80db74ffb4beb0be788543a1f45b29875710fd2c515220ced2e80bde3709de50?s=96&d=mm&r=g\",\"contentUrl\":\"https:\/\/secure.gravatar.com\/avatar\/80db74ffb4beb0be788543a1f45b29875710fd2c515220ced2e80bde3709de50?s=96&d=mm&r=g\",\"caption\":\"biogawp\"},\"sameAs\":[\"https:\/\/www.bioga.org\"],\"url\":\"https:\/\/www.bioga.org\/en\/author\/biogawp\/\"}]}<\/script>\n<!-- \/ Yoast SEO plugin. -->","yoast_head_json":{"title":"Vigo, capital of biotechnology | Bioga","description":"Bioga es el Cluster Tecnol\u00f3xico Empresarial das Ciencias da Vida de Galicia. La voz de la industria Biotech Gallega.","robots":{"index":"index","follow":"follow","max-snippet":"max-snippet:-1","max-image-preview":"max-image-preview:large","max-video-preview":"max-video-preview:-1"},"canonical":"https:\/\/www.bioga.org\/en\/vigo-capital-of-biotechnology\/","og_locale":"en_US","og_type":"article","og_title":"Vigo, capital of biotechnology | Bioga","og_description":"Bioga es el Cluster Tecnol\u00f3xico Empresarial das Ciencias da Vida de Galicia. La voz de la industria Biotech Gallega.","og_url":"https:\/\/www.bioga.org\/en\/vigo-capital-of-biotechnology\/","og_site_name":"Bioga","article_publisher":"https:\/\/www.facebook.com\/BiogaGalicia\/","article_published_time":"2024-06-04T17:42:55+00:00","article_modified_time":"2024-06-04T17:50:29+00:00","og_image":[{"width":2560,"height":1440,"url":"https:\/\/www.bioga.org\/wp-content\/uploads\/2024\/06\/aaaa-scaled.jpg","type":"image\/jpeg"}],"author":"biogawp","twitter_card":"summary_large_image","twitter_creator":"@BiogaGalicia","twitter_site":"@BiogaGalicia","twitter_misc":{"Written by":"biogawp","Est. reading time":"7 minutes"},"schema":{"@context":"https:\/\/schema.org","@graph":[{"@type":"Article","@id":"https:\/\/www.bioga.org\/en\/vigo-capital-of-biotechnology\/#article","isPartOf":{"@id":"https:\/\/www.bioga.org\/en\/vigo-capital-of-biotechnology\/"},"author":{"name":"biogawp","@id":"https:\/\/www.bioga.org\/#\/schema\/person\/5b0680f8dc4b86f0940fdca227750c2f"},"headline":"Vigo, capital of biotechnology","datePublished":"2024-06-04T17:42:55+00:00","dateModified":"2024-06-04T17:50:29+00:00","mainEntityOfPage":{"@id":"https:\/\/www.bioga.org\/en\/vigo-capital-of-biotechnology\/"},"wordCount":1284,"publisher":{"@id":"https:\/\/www.bioga.org\/#organization"},"articleSection":["Sin categorizar"],"inLanguage":"en-US"},{"@type":"WebPage","@id":"https:\/\/www.bioga.org\/en\/vigo-capital-of-biotechnology\/","url":"https:\/\/www.bioga.org\/en\/vigo-capital-of-biotechnology\/","name":"Vigo, capital of biotechnology | Bioga","isPartOf":{"@id":"https:\/\/www.bioga.org\/#website"},"datePublished":"2024-06-04T17:42:55+00:00","dateModified":"2024-06-04T17:50:29+00:00","description":"Bioga es el Cluster Tecnol\u00f3xico Empresarial das Ciencias da Vida de Galicia. La voz de la industria Biotech Gallega.","breadcrumb":{"@id":"https:\/\/www.bioga.org\/en\/vigo-capital-of-biotechnology\/#breadcrumb"},"inLanguage":"en-US","potentialAction":[{"@type":"ReadAction","target":["https:\/\/www.bioga.org\/en\/vigo-capital-of-biotechnology\/"]}]},{"@type":"BreadcrumbList","@id":"https:\/\/www.bioga.org\/en\/vigo-capital-of-biotechnology\/#breadcrumb","itemListElement":[{"@type":"ListItem","position":1,"name":"Home","item":"https:\/\/www.bioga.org\/en\/"},{"@type":"ListItem","position":2,"name":"Vigo, capital of biotechnology"}]},{"@type":"WebSite","@id":"https:\/\/www.bioga.org\/#website","url":"https:\/\/www.bioga.org\/","name":"Bioga","description":"Cl\u00faster Tecnol\u00f3xico Empresarial das Ciencias da Vida","publisher":{"@id":"https:\/\/www.bioga.org\/#organization"},"potentialAction":[{"@type":"SearchAction","target":{"@type":"EntryPoint","urlTemplate":"https:\/\/www.bioga.org\/?s={search_term_string}"},"query-input":"required name=search_term_string"}],"inLanguage":"en-US"},{"@type":"Organization","@id":"https:\/\/www.bioga.org\/#organization","name":"Bioga","url":"https:\/\/www.bioga.org\/","logo":{"@type":"ImageObject","inLanguage":"en-US","@id":"https:\/\/www.bioga.org\/#\/schema\/logo\/image\/","url":"https:\/\/www.bioga.org\/wp-content\/uploads\/2022\/06\/bioga-logo-color-lg.svg","contentUrl":"https:\/\/www.bioga.org\/wp-content\/uploads\/2022\/06\/bioga-logo-color-lg.svg","width":121,"height":41,"caption":"Bioga"},"image":{"@id":"https:\/\/www.bioga.org\/#\/schema\/logo\/image\/"},"sameAs":["https:\/\/www.facebook.com\/BiogaGalicia\/","https:\/\/twitter.com\/BiogaGalicia","https:\/\/www.linkedin.com\/company\/","https:\/\/www.instagram.com\/biogagalicia\/"]},{"@type":"Person","@id":"https:\/\/www.bioga.org\/#\/schema\/person\/5b0680f8dc4b86f0940fdca227750c2f","name":"biogawp","image":{"@type":"ImageObject","inLanguage":"en-US","@id":"https:\/\/www.bioga.org\/#\/schema\/person\/image\/","url":"https:\/\/secure.gravatar.com\/avatar\/80db74ffb4beb0be788543a1f45b29875710fd2c515220ced2e80bde3709de50?s=96&d=mm&r=g","contentUrl":"https:\/\/secure.gravatar.com\/avatar\/80db74ffb4beb0be788543a1f45b29875710fd2c515220ced2e80bde3709de50?s=96&d=mm&r=g","caption":"biogawp"},"sameAs":["https:\/\/www.bioga.org"],"url":"https:\/\/www.bioga.org\/en\/author\/biogawp\/"}]}},"_links":{"self":[{"href":"https:\/\/www.bioga.org\/en\/wp-json\/wp\/v2\/posts\/6149","targetHints":{"allow":["GET"]}}],"collection":[{"href":"https:\/\/www.bioga.org\/en\/wp-json\/wp\/v2\/posts"}],"about":[{"href":"https:\/\/www.bioga.org\/en\/wp-json\/wp\/v2\/types\/post"}],"author":[{"embeddable":true,"href":"https:\/\/www.bioga.org\/en\/wp-json\/wp\/v2\/users\/1"}],"replies":[{"embeddable":true,"href":"https:\/\/www.bioga.org\/en\/wp-json\/wp\/v2\/comments?post=6149"}],"version-history":[{"count":8,"href":"https:\/\/www.bioga.org\/en\/wp-json\/wp\/v2\/posts\/6149\/revisions"}],"predecessor-version":[{"id":6171,"href":"https:\/\/www.bioga.org\/en\/wp-json\/wp\/v2\/posts\/6149\/revisions\/6171"}],"wp:featuredmedia":[{"embeddable":true,"href":"https:\/\/www.bioga.org\/en\/wp-json\/wp\/v2\/media\/6166"}],"wp:attachment":[{"href":"https:\/\/www.bioga.org\/en\/wp-json\/wp\/v2\/media?parent=6149"}],"wp:term":[{"taxonomy":"category","embeddable":true,"href":"https:\/\/www.bioga.org\/en\/wp-json\/wp\/v2\/categories?post=6149"},{"taxonomy":"post_tag","embeddable":true,"href":"https:\/\/www.bioga.org\/en\/wp-json\/wp\/v2\/tags?post=6149"}],"curies":[{"name":"wp","href":"https:\/\/api.w.org\/{rel}","templated":true}]}}